{"id":5704,"date":"2025-05-20T14:34:31","date_gmt":"2025-05-20T14:34:31","guid":{"rendered":"https:\/\/noticierotamaulipeco.info\/?p=5704"},"modified":"2025-06-12T14:36:39","modified_gmt":"2025-06-12T14:36:39","slug":"china-anuncia-500-mdd-para-paliar-crisis-de-la-oms-tras-marcha-de-ee-uu","status":"publish","type":"post","link":"https:\/\/noticierotamaulipeco.info\/?p=5704","title":{"rendered":"China anuncia 500 mdd para paliar crisis de la OMS tras marcha de EE.UU."},"content":{"rendered":"\n<p>El Gobierno de&nbsp;<strong>China<\/strong>&nbsp;anunci\u00f3 una aportaci\u00f3n adicional de&nbsp;<strong>500 millones de d\u00f3lares<\/strong>&nbsp;para los pr\u00f3ximos cinco a\u00f1os a la&nbsp;<strong>Organizaci\u00f3n Mundial de la Salud<\/strong>&nbsp;(<strong>OMS<\/strong>), afectada por una<strong>&nbsp;grave crisis financiera<\/strong>&nbsp;ante la salida de la agencia de Estados Unidos, hasta ahora su principal contribuyente.<\/p>\n\n\n\n<p>La decisi\u00f3n fue anunciada en la asamblea anual de la OMS en Ginebra por el viceprimer ministro chino&nbsp;<strong>Liu Guizhong<\/strong>, quien subray\u00f3 que China busca con esta contribuci\u00f3n que la agencia \u201cpueda ejercer su mandato de forma independiente, profesional y regida por principios cient\u00edficos\u201d.<\/p>\n\n\n\n<p>En el bienio 2024-2025 la contribuci\u00f3n de Estados Unidos super\u00f3 los 700 millones de d\u00f3lares, m\u00e1s del 10 por ciento del presupuesto general de la OMS, mientras que la de China rond\u00f3 los 200 millones de d\u00f3lares, seg\u00fan cifras de la propia organizaci\u00f3n.<\/p>\n\n\n\n<blockquote class=\"wp-block-quote is-layout-flow wp-block-quote-is-layout-flow\">\n<p>Liu asegur\u00f3 en su intervenci\u00f3n que el mundo \u201cest\u00e1 afrontando el impacto del unilateralismo\u201d, algo que tambi\u00e9n \u201csupone retos para la salud global\u201d, pero afirm\u00f3 que ante ello la pol\u00edtica multilateral \u201ces el camino para afrontar las dificultades y los retos del mundo\u201d.<\/p>\n<\/blockquote>\n\n\n\n<p>En este sentido, el viceprimer ministro celebr\u00f3 la adopci\u00f3n este mismo martes por los miembros de la OMS del tratado para la preparaci\u00f3n ante futuras pandemias, y defendi\u00f3 las acciones tomadas por el pa\u00eds para luchar contra la de covid, cuyos primeros casos fueron detectados en China a finales de 2019.<\/p>\n\n\n\n<p>\u201cChina fue responsable y constructiva, tambi\u00e9n en lo relacionado con la covid-19, y con el tiempo se ha demostrado que no ten\u00eda sentido criticar a nuestro pa\u00eds y a la OMS\u201d, afirm\u00f3 Liu.<\/p>\n\n\n\n<p>En el mismo plenario de la asamblea de la OMS intervino, pese a la retirada estadounidense de la organizaci\u00f3n, el secretario de Salud norteamericano\u00a0<strong>Robert\u00a0F. Kennedy Jr.<\/strong>, quien acus\u00f3 a la agencia de plegarse a los intereses de China.<\/p>\n\n\n\n<p>\u201cLa OMS no solo ha cedido ante la presi\u00f3n pol\u00edtica de China, sino que tambi\u00e9n ha fracasado a la hora de mantener una organizaci\u00f3n transparente y con una gesti\u00f3n justa\u201d, asegur\u00f3 Kennedy en un mensaje de v\u00eddeo emitido durante la asamblea.<\/p>\n","protected":false},"excerpt":{"rendered":"<p>El Gobierno de&nbsp;China&nbsp;anunci\u00f3 una aportaci\u00f3n adicional de&nbsp;500 millones de d\u00f3lares&nbsp;para los pr\u00f3ximos cinco a\u00f1os a&#8230;<\/p>\n","protected":false},"author":1,"featured_media":5705,"comment_status":"open","ping_status":"open","sticky":false,"template":"","format":"standard","meta":{"footnotes":""},"categories":[5],"tags":[],"class_list":["post-5704","post","type-post","status-publish","format-standard","has-post-thumbnail","hentry","category-internacional"],"_links":{"self":[{"href":"https:\/\/noticierotamaulipeco.info\/index.php?rest_route=\/wp\/v2\/posts\/5704","targetHints":{"allow":["GET"]}}],"collection":[{"href":"https:\/\/noticierotamaulipeco.info\/index.php?rest_route=\/wp\/v2\/posts"}],"about":[{"href":"https:\/\/noticierotamaulipeco.info\/index.php?rest_route=\/wp\/v2\/types\/post"}],"author":[{"embeddable":true,"href":"https:\/\/noticierotamaulipeco.info\/index.php?rest_route=\/wp\/v2\/users\/1"}],"replies":[{"embeddable":true,"href":"https:\/\/noticierotamaulipeco.info\/index.php?rest_route=%2Fwp%2Fv2%2Fcomments&post=5704"}],"version-history":[{"count":1,"href":"https:\/\/noticierotamaulipeco.info\/index.php?rest_route=\/wp\/v2\/posts\/5704\/revisions"}],"predecessor-version":[{"id":5706,"href":"https:\/\/noticierotamaulipeco.info\/index.php?rest_route=\/wp\/v2\/posts\/5704\/revisions\/5706"}],"wp:featuredmedia":[{"embeddable":true,"href":"https:\/\/noticierotamaulipeco.info\/index.php?rest_route=\/wp\/v2\/media\/5705"}],"wp:attachment":[{"href":"https:\/\/noticierotamaulipeco.info\/index.php?rest_route=%2Fwp%2Fv2%2Fmedia&parent=5704"}],"wp:term":[{"taxonomy":"category","embeddable":true,"href":"https:\/\/noticierotamaulipeco.info\/index.php?rest_route=%2Fwp%2Fv2%2Fcategories&post=5704"},{"taxonomy":"post_tag","embeddable":true,"href":"https:\/\/noticierotamaulipeco.info\/index.php?rest_route=%2Fwp%2Fv2%2Ftags&post=5704"}],"curies":[{"name":"wp","href":"https:\/\/api.w.org\/{rel}","templated":true}]}}