{"id":5707,"date":"2025-05-27T14:36:40","date_gmt":"2025-05-27T14:36:40","guid":{"rendered":"https:\/\/noticierotamaulipeco.info\/?p=5707"},"modified":"2025-06-12T14:41:12","modified_gmt":"2025-06-12T14:41:12","slug":"trump-ofrece-a-canada-proteccion-gratis-bajo-su-cupula-dorada-si-se-une-a-estados-unidos","status":"publish","type":"post","link":"https:\/\/noticierotamaulipeco.info\/?p=5707","title":{"rendered":"Trump ofrece a Canad\u00e1 protecci\u00f3n gratis bajo su \u201cc\u00fapula dorada\u201d si se une a Estados Unidos"},"content":{"rendered":"\n<p>El presidente de Estados Unidos,\u00a0Donald Trump, ofreci\u00f3 este martes a\u00a0<strong>Canad\u00e1<\/strong>\u00a0<strong>protecci\u00f3n gratuita<\/strong>\u00a0bajo su \u201cc\u00fapula dorada\u201d, un sistema de defensa avanzado que planea tener listo en 2029, si se une a Estados Unidos como\u00a0<strong>el estado n\u00famero 51.<\/strong><\/p>\n\n\n\n<blockquote class=\"wp-block-quote is-layout-flow wp-block-quote-is-layout-flow\">\n<p>\u201cLe dije a Canad\u00e1, que quiere ser parte de nuestro fabuloso Sistema de C\u00fapula Dorada, que le costar\u00e1 61 mil millones de d\u00f3lares si se mantiene como una naci\u00f3n separada, pero desigual, pero le costar\u00e1 CERO D\u00d3LARES si se convierte en nuestro querido estado 51\u201d, escribi\u00f3 Trump en Truth Social.<\/p>\n\n\n\n<p>\u201c\u00a1Est\u00e1n considerando la oferta!\u201d, asegur\u00f3 en el mismo mensaje.<\/p>\n<\/blockquote>\n\n\n\n<p>Las declaraciones de Trump se producen despu\u00e9s de que el primer ministro canadiense,<strong>&nbsp;Mark Carney,<\/strong>&nbsp;dijera que Canad\u00e1 est\u00e1 sufriendo<strong>&nbsp;\u201clos peligros de la sobredependencia econ\u00f3mica y en materia de seguridad\u201d<\/strong>&nbsp;de EE.UU., y que prev\u00e9 aumentar su integraci\u00f3n con la industria de defensa europea.<\/p>\n\n\n\n<p>En una entrevista en la radiotelevisi\u00f3n p\u00fablica, CBC, Carney destac\u00f3 que&nbsp;<strong>por cada d\u00f3lar que Canad\u00e1 gasta en defensa, el 75% va a parar a EE.UU.<\/strong>, algo que no le parece \u201cinteligente\u201d, por lo que anticip\u00f3 que su Gobierno diversificar\u00e1 el gasto y dirigir\u00e1 m\u00e1s hacia sus socios europeos.<\/p>\n\n\n\n<p>Ante la ambici\u00f3n anexionista de Trump, del que critic\u00f3 que use la<strong>\u00a0\u201cla fuerza econ\u00f3mica\u201d,<\/strong>\u00a0Carney solicit\u00f3 a\u00a0<strong>Carlos III<\/strong>\u00a0su presencia en la\u00a0<strong>apertura de la 45 legislatura del pa\u00eds<\/strong>\u00a0para reforzar la soberan\u00eda canadiense.<\/p>\n\n\n\n<p>La semana pasada, Trump estim\u00f3 que la&nbsp;<strong>\u201cc\u00fapula dorada\u201d,<\/strong>&nbsp;que se presenta como m\u00e1s avanzada que la \u201cc\u00fapula de hierro\u201d de&nbsp;<strong>Israel,<\/strong>&nbsp;tendr\u00e1 un coste aproximado de 175 mil millones de d\u00f3lares y proyect\u00f3 que est\u00e9 finalizada para el final de su mandato en 2029.<\/p>\n\n\n\n<p>El presidente asegur\u00f3 despu\u00e9s que&nbsp;<strong>Canad\u00e1 \u201cquiere ser parte\u201d del sistema y que estaba dispuesto a incluir al pa\u00eds a cambio de la \u201capropiada\u201d<\/strong>&nbsp;compensaci\u00f3n econ\u00f3mica, y el Gobierno canadiense confirm\u00f3 que estaba en conversaciones con el de EE.UU. para participar.<\/p>\n","protected":false},"excerpt":{"rendered":"<p>El presidente de Estados Unidos,\u00a0Donald Trump, ofreci\u00f3 este martes a\u00a0Canad\u00e1\u00a0protecci\u00f3n gratuita\u00a0bajo su \u201cc\u00fapula dorada\u201d, un&#8230;<\/p>\n","protected":false},"author":1,"featured_media":5708,"comment_status":"open","ping_status":"open","sticky":false,"template":"","format":"standard","meta":{"footnotes":""},"categories":[5],"tags":[],"class_list":["post-5707","post","type-post","status-publish","format-standard","has-post-thumbnail","hentry","category-internacional"],"_links":{"self":[{"href":"https:\/\/noticierotamaulipeco.info\/index.php?rest_route=\/wp\/v2\/posts\/5707","targetHints":{"allow":["GET"]}}],"collection":[{"href":"https:\/\/noticierotamaulipeco.info\/index.php?rest_route=\/wp\/v2\/posts"}],"about":[{"href":"https:\/\/noticierotamaulipeco.info\/index.php?rest_route=\/wp\/v2\/types\/post"}],"author":[{"embeddable":true,"href":"https:\/\/noticierotamaulipeco.info\/index.php?rest_route=\/wp\/v2\/users\/1"}],"replies":[{"embeddable":true,"href":"https:\/\/noticierotamaulipeco.info\/index.php?rest_route=%2Fwp%2Fv2%2Fcomments&post=5707"}],"version-history":[{"count":1,"href":"https:\/\/noticierotamaulipeco.info\/index.php?rest_route=\/wp\/v2\/posts\/5707\/revisions"}],"predecessor-version":[{"id":5709,"href":"https:\/\/noticierotamaulipeco.info\/index.php?rest_route=\/wp\/v2\/posts\/5707\/revisions\/5709"}],"wp:featuredmedia":[{"embeddable":true,"href":"https:\/\/noticierotamaulipeco.info\/index.php?rest_route=\/wp\/v2\/media\/5708"}],"wp:attachment":[{"href":"https:\/\/noticierotamaulipeco.info\/index.php?rest_route=%2Fwp%2Fv2%2Fmedia&parent=5707"}],"wp:term":[{"taxonomy":"category","embeddable":true,"href":"https:\/\/noticierotamaulipeco.info\/index.php?rest_route=%2Fwp%2Fv2%2Fcategories&post=5707"},{"taxonomy":"post_tag","embeddable":true,"href":"https:\/\/noticierotamaulipeco.info\/index.php?rest_route=%2Fwp%2Fv2%2Ftags&post=5707"}],"curies":[{"name":"wp","href":"https:\/\/api.w.org\/{rel}","templated":true}]}}