{"id":5710,"date":"2025-06-01T14:41:14","date_gmt":"2025-06-01T14:41:14","guid":{"rendered":"https:\/\/noticierotamaulipeco.info\/?p=5710"},"modified":"2025-06-12T14:45:23","modified_gmt":"2025-06-12T14:45:23","slug":"elon-musk-dice-que-doge-departamento-de-recortes-de-ee-uu-se-convirtio-en-un-chivo-expiatorio","status":"publish","type":"post","link":"https:\/\/noticierotamaulipeco.info\/?p=5710","title":{"rendered":"Elon Musk dice que DOGE, departamento de recortes de EE.UU., se convirti\u00f3 en un chivo expiatorio"},"content":{"rendered":"\n<p>El magnate&nbsp;<strong>Elon Musk<\/strong>&nbsp;dijo este domingo que el&nbsp;<strong>Departamento de Eficiencia Gubernamental<\/strong>&nbsp;(<strong>DOGE<\/strong>), una controvertida ala del&nbsp;<strong>Gobierno de EE. UU.<\/strong>&nbsp;para recortar los gastos de la&nbsp;<strong>Administraci\u00f3n<\/strong>&nbsp;federal que \u00e9l cre\u00f3 y dirigi\u00f3 hasta esta semana, se convirti\u00f3 en un&nbsp;<strong>chivo expiatorio<\/strong>.<\/p>\n\n\n\n<p>\u201cLo que empezaba a pasar era un&nbsp;<strong>poco injusto<\/strong>&nbsp;porque, digamos,&nbsp;<strong>DOGE<\/strong>&nbsp;se convirti\u00f3 en el&nbsp;<strong>chivo expiatorio<\/strong>&nbsp;de todo. As\u00ed que, si hab\u00eda alg\u00fan&nbsp;<strong>recorte<\/strong>, real o imaginario, todos culpaban a&nbsp;<strong>DOGE<\/strong>\u201c, dijo hoy a una entrevista con la cadena&nbsp;<strong>CBS<\/strong>.<\/p>\n\n\n\n<p>En ese sentido, el director ejecutivo de&nbsp;<strong>Tesla<\/strong>&nbsp;anot\u00f3 que en los 130 d\u00edas que dirigi\u00f3 este departamento se top\u00f3 con gente que pensaba que el&nbsp;<strong>DOGE<\/strong>&nbsp;les impedir\u00eda recibir su&nbsp;<strong>cheque del gobierno<\/strong>.<\/p>\n\n\n\n<p>\u201cLo cual es&nbsp;<strong>completamente falso<\/strong>\u201c, recalc\u00f3 el hombre m\u00e1s rico del mundo.<\/p>\n\n\n\n<p>No obstante, el\u00a0<strong>desmantelamiento<\/strong>\u00a0de las agencias federales por parte de\u00a0<strong>DOGE<\/strong>\u00a0este a\u00f1o se tradujo en la p\u00e9rdida de muchos\u00a0<strong>empleos gubernamentales<\/strong>, la eliminaci\u00f3n de\u00a0<strong>programas p\u00fablicos<\/strong>\u00a0y una serie de\u00a0<strong>demandas<\/strong>.<\/p>\n\n\n\n<p>Musk se despidi\u00f3 el viernes de su&nbsp;<strong>cargo gubernamental<\/strong>&nbsp;en un acto celebrado en la&nbsp;<strong>Casa Blanca<\/strong>&nbsp;en el que el presidente de EE. UU.,&nbsp;<strong>Donald Trump<\/strong>, lo cubri\u00f3 de halagos por su labor y en el que el magnate tecnol\u00f3gico dijo que seguir\u00e1 asesorando al mandatario.<\/p>\n\n\n\n<p>\u201cSeguir\u00e9&nbsp;<strong>visit\u00e1ndolo<\/strong>&nbsp;y ser\u00e9 amigo y asesor del&nbsp;<strong>presidente<\/strong>. Espero con ansias volver a estar en esta incre\u00edble sala\u201d, declar\u00f3&nbsp;<strong>Musk<\/strong>&nbsp;desde el&nbsp;<strong>Despacho Oval<\/strong>, donde visti\u00f3 una gorra que ayudaba a disimular un morat\u00f3n en su ojo.<\/p>\n\n\n\n<p>En su entrevista con&nbsp;<strong>CBS<\/strong>,&nbsp;<strong>Musk<\/strong>&nbsp;dijo que, pese a estar de acuerdo con gran parte de lo que hace la administraci\u00f3n de&nbsp;<strong>Trump<\/strong>, tiene \u201c<strong>diferencias de opini\u00f3n<\/strong>\u201c.<\/p>\n\n\n\n<p>\u201cEstoy un poco en un aprieto: no quiero hablar en contra de la&nbsp;<strong>administraci\u00f3n<\/strong>, pero tampoco quiero responsabilizarme de todo lo que hace\u201d, anot\u00f3&nbsp;<strong>Musk<\/strong>.<\/p>\n","protected":false},"excerpt":{"rendered":"<p>El magnate&nbsp;Elon Musk&nbsp;dijo este domingo que el&nbsp;Departamento de Eficiencia Gubernamental&nbsp;(DOGE), una controvertida ala del&nbsp;Gobierno de&#8230;<\/p>\n","protected":false},"author":1,"featured_media":5711,"comment_status":"open","ping_status":"open","sticky":false,"template":"","format":"standard","meta":{"footnotes":""},"categories":[5],"tags":[],"class_list":["post-5710","post","type-post","status-publish","format-standard","has-post-thumbnail","hentry","category-internacional"],"_links":{"self":[{"href":"https:\/\/noticierotamaulipeco.info\/index.php?rest_route=\/wp\/v2\/posts\/5710","targetHints":{"allow":["GET"]}}],"collection":[{"href":"https:\/\/noticierotamaulipeco.info\/index.php?rest_route=\/wp\/v2\/posts"}],"about":[{"href":"https:\/\/noticierotamaulipeco.info\/index.php?rest_route=\/wp\/v2\/types\/post"}],"author":[{"embeddable":true,"href":"https:\/\/noticierotamaulipeco.info\/index.php?rest_route=\/wp\/v2\/users\/1"}],"replies":[{"embeddable":true,"href":"https:\/\/noticierotamaulipeco.info\/index.php?rest_route=%2Fwp%2Fv2%2Fcomments&post=5710"}],"version-history":[{"count":1,"href":"https:\/\/noticierotamaulipeco.info\/index.php?rest_route=\/wp\/v2\/posts\/5710\/revisions"}],"predecessor-version":[{"id":5712,"href":"https:\/\/noticierotamaulipeco.info\/index.php?rest_route=\/wp\/v2\/posts\/5710\/revisions\/5712"}],"wp:featuredmedia":[{"embeddable":true,"href":"https:\/\/noticierotamaulipeco.info\/index.php?rest_route=\/wp\/v2\/media\/5711"}],"wp:attachment":[{"href":"https:\/\/noticierotamaulipeco.info\/index.php?rest_route=%2Fwp%2Fv2%2Fmedia&parent=5710"}],"wp:term":[{"taxonomy":"category","embeddable":true,"href":"https:\/\/noticierotamaulipeco.info\/index.php?rest_route=%2Fwp%2Fv2%2Fcategories&post=5710"},{"taxonomy":"post_tag","embeddable":true,"href":"https:\/\/noticierotamaulipeco.info\/index.php?rest_route=%2Fwp%2Fv2%2Ftags&post=5710"}],"curies":[{"name":"wp","href":"https:\/\/api.w.org\/{rel}","templated":true}]}}