{"id":5713,"date":"2025-06-09T14:45:25","date_gmt":"2025-06-09T14:45:25","guid":{"rendered":"https:\/\/noticierotamaulipeco.info\/?p=5713"},"modified":"2025-06-12T14:49:59","modified_gmt":"2025-06-12T14:49:59","slug":"sheinbaum-condena-el-atentado-con-miguel-uribe-aspirante-presidencial-colombiano","status":"publish","type":"post","link":"https:\/\/noticierotamaulipeco.info\/?p=5713","title":{"rendered":"Sheinbaum condena el atentado con Miguel Uribe, aspirante presidencial colombiano"},"content":{"rendered":"\n<p><strong>Claudia\u00a0Sheinbaum Pardo<\/strong>, presidenta de M\u00e9xico, conden\u00f3 el\u00a0<strong>atentado<\/strong>\u00a0que sufri\u00f3 el senador y aspirante presidencial colombiano,\u00a0<strong>Miguel Uribe Turbay<\/strong>.<\/p>\n\n\n\n<p>En la conferencia matutina de Palacio Nacional, Sheinbaum Pardo manifest\u00f3 su solidaridad con el pueblo de&nbsp;<strong>Colombia<\/strong>, tras este hecho violento.<\/p>\n\n\n\n<blockquote class=\"wp-block-quote is-layout-flow wp-block-quote-is-layout-flow\">\n<p>Condenamos el atentado y esperamos su pronta recuperaci\u00f3n\u201d, sostuvo.<\/p>\n<\/blockquote>\n\n\n\n<p>\u201cNo estamos a favor de la violencia nunca y en particular condenamos este atentado. Y nuestra solidaridad siempre con el pueblo y el Gobierno de Colombia\u201d, puntualiz\u00f3.<\/p>\n\n\n\n<p>El senador y precandidato presidencial colombiano Miguel Uribe Turbay contin\u00faa en \u201cestado cr\u00edtico\u201d y ha tenido poca respuesta tras las cirug\u00edas a las que fue sometido el s\u00e1bado por las heridas que sufri\u00f3 ese d\u00eda en un atentado, se detall\u00f3 en el \u00faltimo parte m\u00e9dico.<\/p>\n\n\n\n<p>\u201cLa Fundaci\u00f3n Santa Fe de Bogot\u00e1, bajo la autorizaci\u00f3n de la familia, se permite informar que el paciente Miguel Uribe Turbay continua en estado cr\u00edtico y ha tenido escasa respuesta a las intervenciones y manejos m\u00e9dicos realizados\u201d, se\u00f1al\u00f3 ese centro m\u00e9dico en un comunicado.<\/p>\n\n\n\n<p>Uribe Turbay, de 39 a\u00f1os y senador del partido uribista Centro Democr\u00e1tico, recibi\u00f3 el s\u00e1bado dos disparos que le propin\u00f3 un adolescente, que luego fue detenido, cuando pronunciaba un discurso en un acto de campa\u00f1a en el barrio bogotano de Modelia.<\/p>\n\n\n\n<p>Ese mismo d\u00eda fue sometido a dos intervenciones quir\u00fargicas, en la cabeza y en una pierna en la Fundaci\u00f3n Santa Fe, uno de los centros m\u00e9dicos m\u00e1s prestigiosos de Colombia, donde el pol\u00edtico se debate entre la vida y la muerte.<\/p>\n","protected":false},"excerpt":{"rendered":"<p>Claudia\u00a0Sheinbaum Pardo, presidenta de M\u00e9xico, conden\u00f3 el\u00a0atentado\u00a0que sufri\u00f3 el senador y aspirante presidencial colombiano,\u00a0Miguel Uribe&#8230;<\/p>\n","protected":false},"author":1,"featured_media":5714,"comment_status":"open","ping_status":"open","sticky":false,"template":"","format":"standard","meta":{"footnotes":""},"categories":[5],"tags":[],"class_list":["post-5713","post","type-post","status-publish","format-standard","has-post-thumbnail","hentry","category-internacional"],"_links":{"self":[{"href":"https:\/\/noticierotamaulipeco.info\/index.php?rest_route=\/wp\/v2\/posts\/5713","targetHints":{"allow":["GET"]}}],"collection":[{"href":"https:\/\/noticierotamaulipeco.info\/index.php?rest_route=\/wp\/v2\/posts"}],"about":[{"href":"https:\/\/noticierotamaulipeco.info\/index.php?rest_route=\/wp\/v2\/types\/post"}],"author":[{"embeddable":true,"href":"https:\/\/noticierotamaulipeco.info\/index.php?rest_route=\/wp\/v2\/users\/1"}],"replies":[{"embeddable":true,"href":"https:\/\/noticierotamaulipeco.info\/index.php?rest_route=%2Fwp%2Fv2%2Fcomments&post=5713"}],"version-history":[{"count":1,"href":"https:\/\/noticierotamaulipeco.info\/index.php?rest_route=\/wp\/v2\/posts\/5713\/revisions"}],"predecessor-version":[{"id":5715,"href":"https:\/\/noticierotamaulipeco.info\/index.php?rest_route=\/wp\/v2\/posts\/5713\/revisions\/5715"}],"wp:featuredmedia":[{"embeddable":true,"href":"https:\/\/noticierotamaulipeco.info\/index.php?rest_route=\/wp\/v2\/media\/5714"}],"wp:attachment":[{"href":"https:\/\/noticierotamaulipeco.info\/index.php?rest_route=%2Fwp%2Fv2%2Fmedia&parent=5713"}],"wp:term":[{"taxonomy":"category","embeddable":true,"href":"https:\/\/noticierotamaulipeco.info\/index.php?rest_route=%2Fwp%2Fv2%2Fcategories&post=5713"},{"taxonomy":"post_tag","embeddable":true,"href":"https:\/\/noticierotamaulipeco.info\/index.php?rest_route=%2Fwp%2Fv2%2Ftags&post=5713"}],"curies":[{"name":"wp","href":"https:\/\/api.w.org\/{rel}","templated":true}]}}