{"id":5716,"date":"2025-06-12T15:18:03","date_gmt":"2025-06-12T15:18:03","guid":{"rendered":"https:\/\/noticierotamaulipeco.info\/?p=5716"},"modified":"2025-06-12T15:18:03","modified_gmt":"2025-06-12T15:18:03","slug":"trabajo-infantil-138-millones-de-ninos-laboran-para-ayudar-a-sus-familias","status":"publish","type":"post","link":"https:\/\/noticierotamaulipeco.info\/?p=5716","title":{"rendered":"Trabajo infantil: 138 millones de ni\u00f1os laboran para ayudar a sus familias"},"content":{"rendered":"\n<p>La Organizaci\u00f3n Internacional del Trabajo (OIT) reconoci\u00f3 que se ha&nbsp;<strong>fracasado<\/strong>&nbsp;en el objetivo internacional de&nbsp;<strong>eliminar<\/strong>&nbsp;el&nbsp;<strong>trabajo infantil<\/strong>&nbsp;en&nbsp;<strong>2025<\/strong>&nbsp;y, aunque hubo avances, el ritmo de progreso deber\u00eda ser once veces m\u00e1s r\u00e1pido para erradicar esta pr\u00e1ctica antes de que finalice esta d\u00e9cada.<\/p>\n\n\n\n<p>Todav\u00eda\u00a0<strong>138 millones de ni\u00f1os<\/strong>\u00a0siguen\u00a0<strong>trabajando<\/strong>\u00a0para<strong>\u00a0ayudar a sus familias<\/strong>, casi la mitad que hace 25 a\u00f1os, con un progreso destacable desde el a\u00f1o 2020, ya que desde entonces 20 millones de ni\u00f1os han salido de esta situaci\u00f3n, seg\u00fan las cifras que ofrece un\u00a0informe\u00a0conjunto de la OIT y UNICEF, la agencia de Naciones Unidas para la protecci\u00f3n de la infancia.<\/p>\n\n\n\n<p>Publicado con ocasi\u00f3n de la conmemoraci\u00f3n del&nbsp;<strong>D\u00eda contra el Trabajo Infantil<\/strong>, los nuevos datos indican que&nbsp;<strong>54 millones<\/strong>&nbsp;de&nbsp;<strong>ni\u00f1os<\/strong>&nbsp;(la mitad entre 5 y 11 a\u00f1os) realizan&nbsp;<strong>trabajos<\/strong>&nbsp;<strong>peligrosos<\/strong>, sea por su exposici\u00f3n a productos t\u00f3xicos, jornadas excesivas o labores f\u00edsicamente extenuantes.<\/p>\n\n\n\n<p>Ambos organismos han se\u00f1alado que es m\u00e1s importante que nunca seguir avanzando y que para ello se debe mantener la financiaci\u00f3n internacional y nacional, sobre todo luego de que Estados Unidos recortara los fondos de los programas contra las peores formas de trabajo infantil en decenas de pa\u00edses, en particular de Asia, \u00c1frica Occidental y Latinoam\u00e9rica.<\/p>\n\n\n\n<p>Se estima que Estados Unidos financi\u00f3 a trav\u00e9s de su Oficina de Asuntos Laborales Internacionales, que formaba parte del Departamento (ministerio) de Trabajo, iniciativas que ayudaron a reducir el n\u00famero de ni\u00f1os trabajadores sobre todo desde el a\u00f1o 2000, con una financiaci\u00f3n estimada en 500 millones de d\u00f3lares desde entonces.<\/p>\n\n\n\n<p>Sin embargo, el actual gobierno \u2013 a trav\u00e9s del Departamento de Eficiencia Gubernamental (DOGE) que hasta hace poco dirig\u00eda el ultramillonario Elon Musk- elimin\u00f3 todos los fondos internacionales destinados a ese fin.<\/p>\n\n\n\n<p>Entre los ni\u00f1os que trabajan la educaci\u00f3n es una ilusi\u00f3n y las tasas de abandono escolar llegan al 59 por ciento en el grupo de 15 a 17 a\u00f1os, frente al 14 por ciento entre los que no trabajan, una situaci\u00f3n que evidentemente perpet\u00faa el c\u00edrculo de pobreza y exclusi\u00f3n.<\/p>\n\n\n\n<p>Entre los ni\u00f1os de 5 a 14 a\u00f1os, el 31 por ciento no va al colegio.<\/p>\n\n\n\n<p>Por sectores, la&nbsp;<strong>agricultura<\/strong>&nbsp;concentra al 68 por ciento de los menores trabajadores, sobre todo en los primeros a\u00f1os de vida, y a medida que crecen los ni\u00f1os aumentan su presencia en la industria (26 por ciento) y los servicios (33 por ciento), en particular en el&nbsp;<strong>trabajo dom\u00e9stico<\/strong>&nbsp;y la&nbsp;<strong>venta de productos en mercados<\/strong>.<\/p>\n\n\n\n<p>Las desigualdades de g\u00e9nero tambi\u00e9n est\u00e1n presentes en esta triste realidad: aunque hay m\u00e1s ni\u00f1os que ni\u00f1as en el trabajo infantil, cuando se incluyen las tareas dom\u00e9sticas no remuneradas de 21 horas o m\u00e1s por semana, la proporci\u00f3n de ni\u00f1as afectadas se equipara o incluso supera la de los varones.<\/p>\n\n\n\n<p>A escala regional, \u00c1frica subsahariana es la m\u00e1s impactada porque all\u00ed se encuentran casi dos terceras partes (87 millones) de todos los ni\u00f1os que trabajan en el mundo.<\/p>\n\n\n\n<p>Asia y el Pac\u00edfico constituyen la regi\u00f3n en la que la reducci\u00f3n del trabajo infantil ha sido m\u00e1s significativa desde 2020, con un descenso del 6 por ciento al 3 por ciento (de 49 a 28 millones de ni\u00f1os).<\/p>\n\n\n\n<p>La conclusi\u00f3n del informe es que a pesar de ser rechazado de forma un\u00e1nime y de la visibilidad que ha ganado, el&nbsp;<strong>trabajo<\/strong>&nbsp;<strong>infantil<\/strong>&nbsp;persiste con fuerza debido a la&nbsp;<strong>pobreza<\/strong>&nbsp;<strong>estructural<\/strong>, los&nbsp;<strong>conflictos armados<\/strong>, las&nbsp;<strong>crisis econ\u00f3micas<\/strong>&nbsp;y la ausencia de sistemas de&nbsp;<strong>protecci\u00f3n<\/strong>&nbsp;<strong>social<\/strong>.<\/p>\n\n\n\n<p>Como soluciones, la OIT y UNICEF defienden la urgencia de invertir en protecci\u00f3n social, en sistemas de protecci\u00f3n infantil y en un acceso universal a la educaci\u00f3n de calidad.<\/p>\n","protected":false},"excerpt":{"rendered":"<p>La Organizaci\u00f3n Internacional del Trabajo (OIT) reconoci\u00f3 que se ha&nbsp;fracasado&nbsp;en el objetivo internacional de&nbsp;eliminar&nbsp;el&nbsp;trabajo infantil&nbsp;en&nbsp;2025&nbsp;y,&#8230;<\/p>\n","protected":false},"author":1,"featured_media":5717,"comment_status":"open","ping_status":"open","sticky":false,"template":"","format":"standard","meta":{"footnotes":""},"categories":[5],"tags":[],"class_list":["post-5716","post","type-post","status-publish","format-standard","has-post-thumbnail","hentry","category-internacional"],"_links":{"self":[{"href":"https:\/\/noticierotamaulipeco.info\/index.php?rest_route=\/wp\/v2\/posts\/5716","targetHints":{"allow":["GET"]}}],"collection":[{"href":"https:\/\/noticierotamaulipeco.info\/index.php?rest_route=\/wp\/v2\/posts"}],"about":[{"href":"https:\/\/noticierotamaulipeco.info\/index.php?rest_route=\/wp\/v2\/types\/post"}],"author":[{"embeddable":true,"href":"https:\/\/noticierotamaulipeco.info\/index.php?rest_route=\/wp\/v2\/users\/1"}],"replies":[{"embeddable":true,"href":"https:\/\/noticierotamaulipeco.info\/index.php?rest_route=%2Fwp%2Fv2%2Fcomments&post=5716"}],"version-history":[{"count":1,"href":"https:\/\/noticierotamaulipeco.info\/index.php?rest_route=\/wp\/v2\/posts\/5716\/revisions"}],"predecessor-version":[{"id":5718,"href":"https:\/\/noticierotamaulipeco.info\/index.php?rest_route=\/wp\/v2\/posts\/5716\/revisions\/5718"}],"wp:featuredmedia":[{"embeddable":true,"href":"https:\/\/noticierotamaulipeco.info\/index.php?rest_route=\/wp\/v2\/media\/5717"}],"wp:attachment":[{"href":"https:\/\/noticierotamaulipeco.info\/index.php?rest_route=%2Fwp%2Fv2%2Fmedia&parent=5716"}],"wp:term":[{"taxonomy":"category","embeddable":true,"href":"https:\/\/noticierotamaulipeco.info\/index.php?rest_route=%2Fwp%2Fv2%2Fcategories&post=5716"},{"taxonomy":"post_tag","embeddable":true,"href":"https:\/\/noticierotamaulipeco.info\/index.php?rest_route=%2Fwp%2Fv2%2Ftags&post=5716"}],"curies":[{"name":"wp","href":"https:\/\/api.w.org\/{rel}","templated":true}]}}