{"id":5771,"date":"2025-01-13T17:39:10","date_gmt":"2025-01-13T17:39:10","guid":{"rendered":"https:\/\/noticierotamaulipeco.info\/?p=5771"},"modified":"2025-06-12T17:48:12","modified_gmt":"2025-06-12T17:48:12","slug":"nacho-cano-se-deslinda-de-posibles-irregularidades-en-los-contratos-de-becarios-mexicanos-para-el-musical-malinche","status":"publish","type":"post","link":"https:\/\/noticierotamaulipeco.info\/?p=5771","title":{"rendered":"Nacho Cano se deslinda de posibles irregularidades en los contratos de becarios mexicanos para el musical \u2018Malinche\u2019"},"content":{"rendered":"\n<p>El productor musical espa\u00f1ol&nbsp;<strong>Nacho Cano<\/strong>&nbsp;afirm\u00f3 que&nbsp;<strong>no conoc\u00eda<\/strong>&nbsp;los&nbsp;<strong>detalles<\/strong>&nbsp;sobre la&nbsp;<strong>contrataci\u00f3n<\/strong>&nbsp;de&nbsp;<strong>becarios<\/strong>&nbsp;para el<strong>&nbsp;musical \u2018Malinche\u2019<\/strong>, ya que \u00e9l solo dirige la parte art\u00edstica y esas labores competen a otras personas de su equipo.<\/p>\n\n\n\n<p>El artista declar\u00f3 durante casi dos horas ante la titular del Juzgado de Instrucci\u00f3n n\u00famero 19 de Madrid,&nbsp;<strong>Inmaculada Iglesias S\u00e1nchez<\/strong>, que le investiga por presuntos delitos contra los derechos de los trabajadores y de los ciudadanos extranjeros, en relaci\u00f3n con la contrataci\u00f3n y las condiciones laborales de 17 becarios mexicanos para el musical, tras la denuncia de una de las j\u00f3venes.<\/p>\n\n\n\n<p>Naco Cano contest\u00f3 a la jueza, a la fiscal y a sus letrados, respondiendo en varias ocasiones que \u00e9l no sab\u00eda determinadas cuestiones porque era el responsable art\u00edstico y esos asuntos eran competencia de otros integrantes de su equipo, confirmaron fuentes presentes en la declaraci\u00f3n.<\/p>\n\n\n\n<p>El productor asegur\u00f3 que pudo estar mal asesorado, en una declaraci\u00f3n que, seg\u00fan las fuentes, fue tensa debido a que se comport\u00f3 de manera \u201cprepotente\u201d.<\/p>\n\n\n\n<blockquote class=\"wp-block-quote is-layout-flow wp-block-quote-is-layout-flow\">\n<p>\u00c9l es un creador, es un artista y tiene un equipo (\u2026) con asesores jur\u00eddicos en materia de extranjer\u00eda y de todo tipo. \u00c9l no se encarga de esas cuestiones\u201d, garantiz\u00f3 el letrado Jos\u00e9 Luis Gonz\u00e1lez-Montes.<\/p>\n<\/blockquote>\n\n\n\n<p>El casting de becarios se hizo en M\u00e9xico y llegaron a Espa\u00f1a como turistas pero luego se tramit\u00f3 la estancia por estudios, para \u201cpr\u00e1cticas de naturaleza no laboral\u201d.<\/p>\n\n\n\n<p>Tras Cano, declar\u00f3 otra de las directivas de \u2018Malinche\u2019,&nbsp;<strong>Susana Jov\u00e9<\/strong>, quien tambi\u00e9n defendi\u00f3 que no vio irregularidades, informaron estas fuentes.<\/p>\n\n\n\n<p>Estaban citadas otras dos directivas pero una solicit\u00f3 declarar mediante comisi\u00f3n rogatoria porque vive en M\u00e9xico, donde precisamente prepara el pr\u00f3ximo estreno all\u00ed del musical, y la otra est\u00e1 de baja laboral.<\/p>\n\n\n\n<p>Al t\u00e9rmino de la declaraci\u00f3n de Cano, lleg\u00f3 a los juzgados&nbsp;<strong>Lesly Guadalupe Ochoa<\/strong>, la becaria que le denunci\u00f3, que opin\u00f3 que el productor \u201cno tuvo \u00e9tica profesional\u201d al no traer a los j\u00f3venes \u201cde manera legal\u201d a Espa\u00f1a.<\/p>\n\n\n\n<p>El abogado de la acusaci\u00f3n particular,&nbsp;<strong>Alfredo Arri\u00e9n,<\/strong>&nbsp;declar\u00f3 que Cano \u201cha intentado evadir su responsabilidad\u201d, pero seg\u00fan la ley los ensayos son la mayor parte del trabajo de los artistas,<\/p>\n\n\n\n<p>En julio de 2024, Cano fue detenido por la Polic\u00eda acusado de delitos contra los derechos de los trabajadores y de favorecimiento de la inmigraci\u00f3n irregular, como consecuencia de la denuncia que interpuso esta becaria mexicana, tras lo que qued\u00f3 en libertad y carg\u00f3 duramente contra los agentes.<\/p>\n\n\n\n<p>Unas semanas despu\u00e9s el Juzgado abri\u00f3 un procedimiento penal contra el productor musical y tres responsables del espect\u00e1culo.<\/p>\n","protected":false},"excerpt":{"rendered":"<p>El productor musical espa\u00f1ol&nbsp;Nacho Cano&nbsp;afirm\u00f3 que&nbsp;no conoc\u00eda&nbsp;los&nbsp;detalles&nbsp;sobre la&nbsp;contrataci\u00f3n&nbsp;de&nbsp;becarios&nbsp;para el&nbsp;musical \u2018Malinche\u2019, ya que \u00e9l solo dirige&#8230;<\/p>\n","protected":false},"author":1,"featured_media":5772,"comment_status":"open","ping_status":"open","sticky":false,"template":"","format":"standard","meta":{"footnotes":""},"categories":[7],"tags":[],"class_list":["post-5771","post","type-post","status-publish","format-standard","has-post-thumbnail","hentry","category-espectaculos"],"_links":{"self":[{"href":"https:\/\/noticierotamaulipeco.info\/index.php?rest_route=\/wp\/v2\/posts\/5771","targetHints":{"allow":["GET"]}}],"collection":[{"href":"https:\/\/noticierotamaulipeco.info\/index.php?rest_route=\/wp\/v2\/posts"}],"about":[{"href":"https:\/\/noticierotamaulipeco.info\/index.php?rest_route=\/wp\/v2\/types\/post"}],"author":[{"embeddable":true,"href":"https:\/\/noticierotamaulipeco.info\/index.php?rest_route=\/wp\/v2\/users\/1"}],"replies":[{"embeddable":true,"href":"https:\/\/noticierotamaulipeco.info\/index.php?rest_route=%2Fwp%2Fv2%2Fcomments&post=5771"}],"version-history":[{"count":1,"href":"https:\/\/noticierotamaulipeco.info\/index.php?rest_route=\/wp\/v2\/posts\/5771\/revisions"}],"predecessor-version":[{"id":5773,"href":"https:\/\/noticierotamaulipeco.info\/index.php?rest_route=\/wp\/v2\/posts\/5771\/revisions\/5773"}],"wp:featuredmedia":[{"embeddable":true,"href":"https:\/\/noticierotamaulipeco.info\/index.php?rest_route=\/wp\/v2\/media\/5772"}],"wp:attachment":[{"href":"https:\/\/noticierotamaulipeco.info\/index.php?rest_route=%2Fwp%2Fv2%2Fmedia&parent=5771"}],"wp:term":[{"taxonomy":"category","embeddable":true,"href":"https:\/\/noticierotamaulipeco.info\/index.php?rest_route=%2Fwp%2Fv2%2Fcategories&post=5771"},{"taxonomy":"post_tag","embeddable":true,"href":"https:\/\/noticierotamaulipeco.info\/index.php?rest_route=%2Fwp%2Fv2%2Ftags&post=5771"}],"curies":[{"name":"wp","href":"https:\/\/api.w.org\/{rel}","templated":true}]}}