{"id":5774,"date":"2025-01-18T17:48:14","date_gmt":"2025-01-18T17:48:14","guid":{"rendered":"https:\/\/noticierotamaulipeco.info\/?p=5774"},"modified":"2025-06-12T18:01:27","modified_gmt":"2025-06-12T18:01:27","slug":"adriana-paz-un-triunfo-en-los-oscar-con-emilia-perez-seria-una-victoria-para-mexico","status":"publish","type":"post","link":"https:\/\/noticierotamaulipeco.info\/?p=5774","title":{"rendered":"Adriana Paz: Un \u201ctriunfo en los \u00d3scar\u201d con \u2018Emilia P\u00e9rez\u2019 ser\u00eda una victoria para M\u00e9xico"},"content":{"rendered":"\n<p>La actriz<strong>&nbsp;Adriana Paz,<\/strong>&nbsp;la \u00fanica mexicana en el elenco principal de<strong>&nbsp;\u2018Emilia P\u00e9rez\u2019<\/strong>&nbsp;afirma que de salir victoriosa esta cinta en los&nbsp;<strong>Premios \u00d3scar<\/strong>&nbsp;\u201cel triunfo\u201d tambi\u00e9n ser\u00eda para M\u00e9xico, donde el filme ha despertado controversia por su manera de retratar problemas como el narcotr\u00e1fico y la desaparici\u00f3n de personas.<\/p>\n\n\n\n<blockquote class=\"wp-block-quote is-layout-flow wp-block-quote-is-layout-flow\">\n<p>\u201cNo solamente es un triunfo m\u00edo, es un triunfo que yo siento nuestro, para mi pa\u00eds, y que mucha gente se ha sentido muy orgullosa y muy bien representada. Y con todos los premios que han sucedido, que hemos tenido y si se puede tambi\u00e9n en los \u00d3scar siento que s\u00ed ser\u00eda (un triunfo)\u201d, menciona Paz, quien marc\u00f3 un hito hist\u00f3rico al convertirse en la primera mexicana en ganar un galard\u00f3n por su actuaci\u00f3n femenina en el Festival de Cannes.<\/p>\n<\/blockquote>\n\n\n\n<p>Esta condecoraci\u00f3n la recibi\u00f3 por dar vida a&nbsp;<strong>Epifan\u00eda,<\/strong>&nbsp;una mujer que entabla una relaci\u00f3n amorosa con la protagonista&nbsp;<strong>Emilia P\u00e9rez<\/strong>, interpretada por la espa\u00f1ola&nbsp;<strong>Karla Sof\u00eda Gasc\u00f3n<\/strong>, al buscar los restos de su esposo, un hombre que abusaba f\u00edsicamente de ella. La relaci\u00f3n de ambas se intensifica a lo largo de la historia al compartir ambas un pasado marcado por la violencia.<\/p>\n\n\n\n<blockquote class=\"wp-block-quote is-layout-flow wp-block-quote-is-layout-flow\">\n<p>\u201cPara m\u00ed \u2018Emilia P\u00e9rez\u2019 ha sido muchas primeras veces, mi primera vez en Par\u00eds, en Cannes, en los Golden Globes, mi primera vez en esta gira (\u2026) Y una de las cosas que creo que han sido muy importantes es el reconocimiento que me est\u00e1 dando fuera de M\u00e9xico, pero dentro de M\u00e9xico\u201d, dice emocionada.<\/p>\n<\/blockquote>\n\n\n\n<p>Y es que Paz lleva una larga carrera en la industria del cine, al haber participado en pel\u00edculas como&nbsp;<strong>\u2018Rudo y Cursi\u2019 (2008) o \u2018El autor\u2019 (2017),<\/strong>&nbsp;pero reconoce que una parte importante del p\u00fablico la conoci\u00f3 por primera vez con el nombre de Epifan\u00eda, ese papel creado por el director franc\u00e9s&nbsp;<strong>Jaques Audiard.<\/strong><\/p>\n\n\n\n<h2 class=\"wp-block-heading\"><strong>Adriana Paz explica la \u201csensibilizaci\u00f3n\u201d del p\u00fablico internacional<\/strong><\/h2>\n\n\n\n<p>A menos de una semana del estreno de \u2018Emilia P\u00e9rez\u2019 en M\u00e9xico y de que sean reveladas las nominaciones de la estatuilla dorada, el pr\u00f3ximo 23 de enero, Paz cuenta la experiencia de presentar una cinta que fusiona su emoci\u00f3n por el reconocimiento internacional y, a la vez, el recibimiento del p\u00fablico ante algunos de los problemas que laceran a su pa\u00eds, donde hay cerca de 120 mil personas no localizadas, seg\u00fan la&nbsp;<strong>Comisi\u00f3n Nacional de B\u00fasqueda.<\/strong><\/p>\n\n\n\n<p>Paz defiende la idea de poner estos \u201ctemas sobre la mesa dentro y fuera de M\u00e9xico\u201d porque es algo que sufre la sociedad mexicana \u201ctodos los d\u00edas\u201d, y apunta que quiz\u00e1 es el \u201cdolor\u201d o la intenci\u00f3n de \u201cprotegerse\u201d lo que le impide hablar a la gente.<\/p>\n\n\n\n<p>Adem\u00e1s, relata que al presentar \u2018Emilia P\u00e9rez\u2019 fuera de M\u00e9xico hubo personas que llegaban \u201cconmocionadas\u201d e incluso \u201ctemblando\u201d, porque \u201cno ten\u00edan idea de todo este<strong>&nbsp;tema de las desapariciones\u201d.<\/strong><\/p>\n\n\n\n<blockquote class=\"wp-block-quote is-layout-flow wp-block-quote-is-layout-flow\">\n<p>\u201cEs una pel\u00edcula que tiene la capacidad de sensibilizar a alguien que est\u00e1 bien lejos de aqu\u00ed, que no est\u00e1 viviendo esto, que no estaba enterado. Y de pronto para esa persona es una revelaci\u00f3n y se puede sentir sensibilizada y empatizar con esto\u201d, subraya.<\/p>\n<\/blockquote>\n\n\n\n<p><strong>Las muchas caras de \u2018Emilia P\u00e9rez\u2019<\/strong><br><\/p>\n\n\n\n<p>En cuanto al p\u00fablico nacional, Paz -que ha asistido a encuentros en la&nbsp;<strong>Cineteca<\/strong>&nbsp;o al<strong>&nbsp;Festival Internacional de Cine de Morelia (FICM)<\/strong>\u2013 revela con sorpresa que en esos espacios no percibe \u201clas expresiones de odio\u201d contenidas en las redes sociales, por lo que considera que esas opiniones \u201cvienen desde el desconocimiento\u201d.<\/p>\n\n\n\n<blockquote class=\"wp-block-quote is-layout-flow wp-block-quote-is-layout-flow\">\n<p>Por eso mismo, argumenta, \u201ccreo que nos estamos enfocando en una sola cosa y que hay un mont\u00f3n de tela de donde cortar (\u2026) No estamos hablando de la representaci\u00f3n femenina en el cine\u201d o del trabajo de \u201cDamien Jalet, que es un core\u00f3grafo maravilloso, de la m\u00fasica\u201d.<\/p>\n<\/blockquote>\n\n\n\n<p>\u2018Emilia P\u00e9rez\u2019 ha dejado una marca indeleble en la carrera de&nbsp;<strong>Adriana Paz,<\/strong>&nbsp;y, aunque ella sostiene que \u201cno le puede gustar a todo el mundo\u201d tampoco se considera \u201cnadie para decir qu\u00e9 le hace bien o mal a M\u00e9xico\u201d, pero s\u00ed pide a la audiencia mexicana ver el filme para que cada uno \u201cdesde el respeto\u201d se forje su propio criterio.<\/p>\n","protected":false},"excerpt":{"rendered":"<p>La actriz&nbsp;Adriana Paz,&nbsp;la \u00fanica mexicana en el elenco principal de&nbsp;\u2018Emilia P\u00e9rez\u2019&nbsp;afirma que de salir victoriosa&#8230;<\/p>\n","protected":false},"author":1,"featured_media":5775,"comment_status":"open","ping_status":"open","sticky":false,"template":"","format":"standard","meta":{"footnotes":""},"categories":[7],"tags":[],"class_list":["post-5774","post","type-post","status-publish","format-standard","has-post-thumbnail","hentry","category-espectaculos"],"_links":{"self":[{"href":"https:\/\/noticierotamaulipeco.info\/index.php?rest_route=\/wp\/v2\/posts\/5774","targetHints":{"allow":["GET"]}}],"collection":[{"href":"https:\/\/noticierotamaulipeco.info\/index.php?rest_route=\/wp\/v2\/posts"}],"about":[{"href":"https:\/\/noticierotamaulipeco.info\/index.php?rest_route=\/wp\/v2\/types\/post"}],"author":[{"embeddable":true,"href":"https:\/\/noticierotamaulipeco.info\/index.php?rest_route=\/wp\/v2\/users\/1"}],"replies":[{"embeddable":true,"href":"https:\/\/noticierotamaulipeco.info\/index.php?rest_route=%2Fwp%2Fv2%2Fcomments&post=5774"}],"version-history":[{"count":1,"href":"https:\/\/noticierotamaulipeco.info\/index.php?rest_route=\/wp\/v2\/posts\/5774\/revisions"}],"predecessor-version":[{"id":5776,"href":"https:\/\/noticierotamaulipeco.info\/index.php?rest_route=\/wp\/v2\/posts\/5774\/revisions\/5776"}],"wp:featuredmedia":[{"embeddable":true,"href":"https:\/\/noticierotamaulipeco.info\/index.php?rest_route=\/wp\/v2\/media\/5775"}],"wp:attachment":[{"href":"https:\/\/noticierotamaulipeco.info\/index.php?rest_route=%2Fwp%2Fv2%2Fmedia&parent=5774"}],"wp:term":[{"taxonomy":"category","embeddable":true,"href":"https:\/\/noticierotamaulipeco.info\/index.php?rest_route=%2Fwp%2Fv2%2Fcategories&post=5774"},{"taxonomy":"post_tag","embeddable":true,"href":"https:\/\/noticierotamaulipeco.info\/index.php?rest_route=%2Fwp%2Fv2%2Ftags&post=5774"}],"curies":[{"name":"wp","href":"https:\/\/api.w.org\/{rel}","templated":true}]}}