{"id":5810,"date":"2025-03-21T16:13:52","date_gmt":"2025-03-21T16:13:52","guid":{"rendered":"https:\/\/noticierotamaulipeco.info\/?p=5810"},"modified":"2025-06-13T16:16:39","modified_gmt":"2025-06-13T16:16:39","slug":"disney-y-pixar-trabajan-en-la-segunda-parte-de-coco-que-se-estrenara-en-2029","status":"publish","type":"post","link":"https:\/\/noticierotamaulipeco.info\/?p=5810","title":{"rendered":"Disney y Pixar trabajan en la segunda parte de \u2018Coco\u2019, que se estrenar\u00e1 en 2029"},"content":{"rendered":"\n<p>Una secuela de la pel\u00edcula animada \u2018<strong>Coco<\/strong>\u2018 est\u00e1 en proceso de producci\u00f3n y se prev\u00e9 que se estrene para 2029,\u00a0<strong>anunci\u00f3<\/strong>\u00a0el\u00a0director ejecutivo de\u00a0<strong>Disney<\/strong>,\u00a0<strong>Bob Iger.<\/strong><\/p>\n\n\n\n<p>\u201cAunque la pel\u00edcula est\u00e1 apenas en sus primeras etapas, sabemos que estar\u00e1 llena de humor, coraz\u00f3n y aventura\u201d, dijo Iger.<\/p>\n\n\n\n<p>\u201cNo podemos esperar para compartir m\u00e1s detalles pronto\u201d, a\u00f1adi\u00f3 el ejecutivo durante la reuni\u00f3n anual de accionistas de The Walt Disney Company sin dar ning\u00fan detalle sobre la trama.<\/p>\n\n\n\n<p>El director&nbsp;<strong>Lee Unkrich<\/strong>, quien comand\u00f3 la primera entrega, volver\u00e1 a tener a cargo el proyecto que versa sobre las tradiciones mexicanas mientras que el veterano del estudio Pixar Mark Nielsen se encargar\u00e1 de la producci\u00f3n.<\/p>\n\n\n\n<p>La primera pel\u00edcula de \u2018Coco\u2019 (2017) versa sobre la historia de Miguel, un ni\u00f1o que sue\u00f1a con ser m\u00fasico y que por error termina entrando a la Tierra de los Muertos.<\/p>\n\n\n\n<p>Para regresar necesitar\u00e1 recibir la bendici\u00f3n de alg\u00fan miembro de su familia, con quienes tiene un conflicto, pues el futuro que vislumbran para \u00e9l no coincide con los sue\u00f1os del joven.<\/p>\n\n\n\n<p>El filme hac\u00eda un retrato pintoresco de las tradiciones mexicanas en torno a la celebraci\u00f3n de D\u00eda de los Muertos, que se llevan a cabo en todo el pa\u00eds cada a\u00f1o durante el mes de noviembre.<\/p>\n\n\n\n<p>\u2018Coco\u2019 fue un \u00e9xito al sobrepasar los 800 millones de d\u00f3lares en taquilla internacional y se coron\u00f3 como la mejor pel\u00edcula animada en los premios \u00d3scar de 2018, en donde tambi\u00e9n recibi\u00f3 una estatuilla a la mejor canci\u00f3n original por el tema \u2018Recuerdame\u2019.<\/p>\n\n\n\n<p>La secuela de \u2018Coco\u2019 se suma a una lista de pel\u00edculas en las que Pixar est\u00e1 trabajando sobre algunas de sus franquicias m\u00e1s queridas como la quinta pel\u00edcula de \u2018Toy Story\u2019, la tercera de \u2018Incredibles\u2019, as\u00ed como la segunda parte de \u2018Elio\u2019.<\/p>\n","protected":false},"excerpt":{"rendered":"<p>Una secuela de la pel\u00edcula animada \u2018Coco\u2018 est\u00e1 en proceso de producci\u00f3n y se prev\u00e9&#8230;<\/p>\n","protected":false},"author":1,"featured_media":5811,"comment_status":"open","ping_status":"open","sticky":false,"template":"","format":"standard","meta":{"footnotes":""},"categories":[7],"tags":[],"class_list":["post-5810","post","type-post","status-publish","format-standard","has-post-thumbnail","hentry","category-espectaculos"],"_links":{"self":[{"href":"https:\/\/noticierotamaulipeco.info\/index.php?rest_route=\/wp\/v2\/posts\/5810","targetHints":{"allow":["GET"]}}],"collection":[{"href":"https:\/\/noticierotamaulipeco.info\/index.php?rest_route=\/wp\/v2\/posts"}],"about":[{"href":"https:\/\/noticierotamaulipeco.info\/index.php?rest_route=\/wp\/v2\/types\/post"}],"author":[{"embeddable":true,"href":"https:\/\/noticierotamaulipeco.info\/index.php?rest_route=\/wp\/v2\/users\/1"}],"replies":[{"embeddable":true,"href":"https:\/\/noticierotamaulipeco.info\/index.php?rest_route=%2Fwp%2Fv2%2Fcomments&post=5810"}],"version-history":[{"count":1,"href":"https:\/\/noticierotamaulipeco.info\/index.php?rest_route=\/wp\/v2\/posts\/5810\/revisions"}],"predecessor-version":[{"id":5812,"href":"https:\/\/noticierotamaulipeco.info\/index.php?rest_route=\/wp\/v2\/posts\/5810\/revisions\/5812"}],"wp:featuredmedia":[{"embeddable":true,"href":"https:\/\/noticierotamaulipeco.info\/index.php?rest_route=\/wp\/v2\/media\/5811"}],"wp:attachment":[{"href":"https:\/\/noticierotamaulipeco.info\/index.php?rest_route=%2Fwp%2Fv2%2Fmedia&parent=5810"}],"wp:term":[{"taxonomy":"category","embeddable":true,"href":"https:\/\/noticierotamaulipeco.info\/index.php?rest_route=%2Fwp%2Fv2%2Fcategories&post=5810"},{"taxonomy":"post_tag","embeddable":true,"href":"https:\/\/noticierotamaulipeco.info\/index.php?rest_route=%2Fwp%2Fv2%2Ftags&post=5810"}],"curies":[{"name":"wp","href":"https:\/\/api.w.org\/{rel}","templated":true}]}}