{"id":5943,"date":"2025-06-25T15:36:21","date_gmt":"2025-06-25T15:36:21","guid":{"rendered":"https:\/\/noticierotamaulipeco.info\/?p=5943"},"modified":"2025-06-25T15:36:22","modified_gmt":"2025-06-25T15:36:22","slug":"alligator-alcatraz-la-nueva-prision-en-florida-para-migrantes-que-estara-rodeada-de-lagartos-y-humedales","status":"publish","type":"post","link":"https:\/\/noticierotamaulipeco.info\/?p=5943","title":{"rendered":"Alligator Alcatraz: la nueva prisi\u00f3n en Florida para migrantes que estar\u00e1 rodeada de lagartos y humedales"},"content":{"rendered":"\n<p>25 de junio del 2025<\/p>\n\n\n\n<p>La instalaci\u00f3n tendr\u00e1 una capacidad inicial de mil personas, aunque se busca que albergue hasta cinco mil<\/p>\n\n\n\n<p>El\u00a0gobierno del estado de Florida, con apoyo de la administraci\u00f3n federal, aprob\u00f3 la instalaci\u00f3n de un centro de detenci\u00f3n para\u00a0migrantesen el coraz\u00f3n de los\u00a0Everglades. Apodada por la prensa como\u00a0\u201cAlligator Alcatraz\u201d, la instalaci\u00f3n ha desatado una ola de pol\u00e9mica por su ubicaci\u00f3n, condiciones proyectadas y las implicaciones \u00e9ticas y ambientales de su funcionamiento.<\/p>\n\n\n\n<p>El centro estar\u00e1 ubicado en terrenos del\u00a0aeropuerto Dade-Collier, un sitio remoto\u00a0rodeado por agua, pantanos\u00a0y habitado por cientos de cocodrilos, serpientes y otras especies salvajes. Funcionarios estatales aseguran que el entorno hostil actuar\u00e1 como una\u00a0barrera natural de seguridad, dificultando fugas sin necesidad de muros de concreto o alambradas.<\/p>\n\n\n\n<p>La instalaci\u00f3n consistir\u00e1 en\u00a0carpas temporales, remolques y m\u00f3dulos prefabricados, con una capacidad inicial para mil\u00a0<strong>personas<\/strong>, ampliable a cinco mil.\u00a0La Guardia Nacional de Florida\u00a0estar\u00e1 a cargo de la seguridad, en coordinaci\u00f3n con el\u00a0Servicio de Inmigraci\u00f3n y Control de Aduanas (ICE)<\/p>\n\n\n\n<p>La reacci\u00f3n en contra no se ha hecho esperar.\u00a0Organizaciones de derechos humanos\u00a0han denunciado el proyecto como una violaci\u00f3n al trato digno que deben recibir las\u00a0personas migrantes,\u00a0muchas de las cuales no han cometido delitos sino que buscan asilo o huyen de\u00a0crisis humanitarias.<\/p>\n\n\n\n<p>\u201cEst\u00e1n creando un\u00a0Guant\u00e1namo migratorio\u00a0en un pantano (&#8230;) El aislamiento, las condiciones clim\u00e1ticas extremas y el entorno salvaje son incompatibles con los derechos b\u00e1sicos\u201d, dijo\u00a0Mar\u00eda Fernanda Torres, portavoz de Human Rights Watch en Estados Unidos.<\/p>\n\n\n\n<figure class=\"wp-block-image size-large\"><img loading=\"lazy\" decoding=\"async\" width=\"1024\" height=\"575\" src=\"https:\/\/noticierotamaulipeco.info\/wp-content\/uploads\/2025\/06\/image-7-1024x575.png\" alt=\"\" class=\"wp-image-5944\" srcset=\"https:\/\/noticierotamaulipeco.info\/wp-content\/uploads\/2025\/06\/image-7-1024x575.png 1024w, https:\/\/noticierotamaulipeco.info\/wp-content\/uploads\/2025\/06\/image-7-300x169.png 300w, https:\/\/noticierotamaulipeco.info\/wp-content\/uploads\/2025\/06\/image-7-768x431.png 768w, https:\/\/noticierotamaulipeco.info\/wp-content\/uploads\/2025\/06\/image-7.png 1200w\" sizes=\"auto, (max-width: 1024px) 100vw, 1024px\" \/><\/figure>\n","protected":false},"excerpt":{"rendered":"<p>25 de junio del 2025 La instalaci\u00f3n tendr\u00e1 una capacidad inicial de mil personas, aunque&#8230;<\/p>\n","protected":false},"author":1,"featured_media":5944,"comment_status":"open","ping_status":"open","sticky":false,"template":"","format":"standard","meta":{"footnotes":""},"categories":[5],"tags":[],"class_list":["post-5943","post","type-post","status-publish","format-standard","has-post-thumbnail","hentry","category-internacional"],"_links":{"self":[{"href":"https:\/\/noticierotamaulipeco.info\/index.php?rest_route=\/wp\/v2\/posts\/5943","targetHints":{"allow":["GET"]}}],"collection":[{"href":"https:\/\/noticierotamaulipeco.info\/index.php?rest_route=\/wp\/v2\/posts"}],"about":[{"href":"https:\/\/noticierotamaulipeco.info\/index.php?rest_route=\/wp\/v2\/types\/post"}],"author":[{"embeddable":true,"href":"https:\/\/noticierotamaulipeco.info\/index.php?rest_route=\/wp\/v2\/users\/1"}],"replies":[{"embeddable":true,"href":"https:\/\/noticierotamaulipeco.info\/index.php?rest_route=%2Fwp%2Fv2%2Fcomments&post=5943"}],"version-history":[{"count":1,"href":"https:\/\/noticierotamaulipeco.info\/index.php?rest_route=\/wp\/v2\/posts\/5943\/revisions"}],"predecessor-version":[{"id":5945,"href":"https:\/\/noticierotamaulipeco.info\/index.php?rest_route=\/wp\/v2\/posts\/5943\/revisions\/5945"}],"wp:featuredmedia":[{"embeddable":true,"href":"https:\/\/noticierotamaulipeco.info\/index.php?rest_route=\/wp\/v2\/media\/5944"}],"wp:attachment":[{"href":"https:\/\/noticierotamaulipeco.info\/index.php?rest_route=%2Fwp%2Fv2%2Fmedia&parent=5943"}],"wp:term":[{"taxonomy":"category","embeddable":true,"href":"https:\/\/noticierotamaulipeco.info\/index.php?rest_route=%2Fwp%2Fv2%2Fcategories&post=5943"},{"taxonomy":"post_tag","embeddable":true,"href":"https:\/\/noticierotamaulipeco.info\/index.php?rest_route=%2Fwp%2Fv2%2Ftags&post=5943"}],"curies":[{"name":"wp","href":"https:\/\/api.w.org\/{rel}","templated":true}]}}