{"id":5946,"date":"2025-06-20T15:36:56","date_gmt":"2025-06-20T15:36:56","guid":{"rendered":"https:\/\/noticierotamaulipeco.info\/?p=5946"},"modified":"2025-06-25T15:40:19","modified_gmt":"2025-06-25T15:40:19","slug":"venezolanos-deportados-a-el-salvador-permanecen-totalmente-aislados","status":"publish","type":"post","link":"https:\/\/noticierotamaulipeco.info\/?p=5946","title":{"rendered":"Venezolanos deportados a El Salvador permanecen &#8220;totalmente aislados&#8221;"},"content":{"rendered":"\n<p>20 de junio del 2025<\/p>\n\n\n\n<p>Los migrantes\u00a0venezolanos deportados\u00a0desde\u00a0Estados Unidos\u00a0a una c\u00e1rcel de\u00a0m\u00e1xima seguridad\u00a0en El Salvador permanecen &#8220;totalmente aislados&#8221;, afirmaron este jueves familiares y activistas de derechos humanos luego de\u00a0una visita\u00a0al pa\u00eds centroamericano la semana pasada.<\/p>\n\n\n\n<p>Desde el 15 de marzo, m\u00e1s de\u00a0200 migrantes\u00a0venezolanos fueron deportados a El Salvador luego de que el presidente estadounidense Donald Trump invocara la &#8220;Ley de\u00a0Enemigos Extranjeros&#8221; de 1798 (Alien Enemies Act) utilizada en tiempos de guerra, bajo el argumento que los detenidos integraban la\u00a0banda criminal\u00a0Tren de Aragua<\/p>\n\n\n\n<p>&#8220;Pudimos comprobar en ese viaje que los venezolanos migrantes\u00a0deportados a El Salvador\u00a0est\u00e1n totalmente aislados e incomunicados&#8221;, dijo Walter M\u00e1rquez, al frente de la\u00a0Fundaci\u00f3n El Amparo\u00a0que representa a 10 de estos migrantes.<\/p>\n\n\n\n<p>Permanecen detenidos en el\u00a0Centro de Confinamiento\u00a0del Terrorismo (Cecot) &#8220;sin ning\u00fan juicio en El Salvador donde no han cometido\u00a0ning\u00fan delito, sin ninguna claridad de su futuro legal&#8221;, remarc\u00f3 M\u00e1rquez, al ofrecer\u00a0un balance\u00a0sobre el viaje a El Salvador.<\/p>\n\n\n\n<p>Esta megaprisi\u00f3n de\u00a0alta seguridad\u00a0fue inaugurada en 2023 por el presidente salvadore\u00f1o Nayib Bukele para\u00a0los pandilleros.<\/p>\n\n\n\n<p>M\u00e1rquez indic\u00f3 que no han obtenido respuesta a los recursos de\u00a0habeas corpus\u00a0solicitados en ese pa\u00eds y que estudian &#8220;recurrir a la Corte Penal Internacional porque en El Salvador se est\u00e1n cometiendo cr\u00edmenes de\u00a0<strong>lesa humanidad&#8221;<\/strong>.<\/p>\n\n\n\n<p>Adem\u00e1s, denunci\u00f3 &#8220;deportaci\u00f3n forzosa, persecuci\u00f3n por razones nacionales, tratos inhumanos y\u00a0tortura&#8221;.<\/p>\n\n\n\n<p>Reina C\u00e1rdenas, quien acompa\u00f1\u00f3 a M\u00e1rquez para representar a\u00a0familiares de los migrantes, se\u00f1al\u00f3 que fue &#8220;imposible&#8221; verlos y conocer su\u00a0estado de salud. &#8220;Solo logramos introducir una carta&#8221;.<\/p>\n\n\n\n<p>Gabriela Mora dijo por su parte que\u00a0esperaba recibir\u00a0de la delegaci\u00f3n alguna noticia de su esposo, quien ten\u00eda una\u00a0orden de deportaci\u00f3n\u00a0a Venezuela con fecha de 26 de febrero.<\/p>\n\n\n\n<p>&#8220;Est\u00e1n\u00a0injustamente secuestrados,\u00a0pr\u00e1cticamente, porque no se le puede\u00a0llamar detenci\u00f3n\u00a0a algo donde no podemos tener comunicaci\u00f3n, desde marzo\u00a0no sabemos de ellos&#8221;, lament\u00f3 esta mujer, que no viaj\u00f3 en la comitiva a El Salvador.<\/p>\n\n\n\n<p>En un fallo del 16 de mayo, la\u00a0Corte Suprema\u00a0de Estados Unidos impidi\u00f3 a Trump reanudar la\u00a0expulsi\u00f3n de venezolanos\u00a0bajo la ley de 1798, al considerar que a un grupo recluido no se le ha dado\u00a0suficiente tiempo\u00a0para impugnar su expulsi\u00f3n.<\/p>\n\n\n\n<p>Bukele\u00a0ofreci\u00f3 en abril\u00a0al presidente venezolano Nicol\u00e1s Maduro canjear a los 252 migrantes por &#8220;presos pol\u00edticos&#8221; venezolanos, pero la propuesta fue\u00a0calificada de &#8220;c\u00ednica&#8221;\u00a0por la fiscal\u00eda de Venezuela, que demanda la\u00a0liberaci\u00f3n incondicional\u00a0de los deportados.<\/p>\n\n\n\n<figure class=\"wp-block-image size-large\"><img loading=\"lazy\" decoding=\"async\" width=\"1024\" height=\"575\" src=\"https:\/\/noticierotamaulipeco.info\/wp-content\/uploads\/2025\/06\/image-8-1024x575.png\" alt=\"\" class=\"wp-image-5947\" srcset=\"https:\/\/noticierotamaulipeco.info\/wp-content\/uploads\/2025\/06\/image-8-1024x575.png 1024w, https:\/\/noticierotamaulipeco.info\/wp-content\/uploads\/2025\/06\/image-8-300x169.png 300w, https:\/\/noticierotamaulipeco.info\/wp-content\/uploads\/2025\/06\/image-8-768x431.png 768w, https:\/\/noticierotamaulipeco.info\/wp-content\/uploads\/2025\/06\/image-8.png 1200w\" sizes=\"auto, (max-width: 1024px) 100vw, 1024px\" \/><\/figure>\n","protected":false},"excerpt":{"rendered":"<p>20 de junio del 2025 Los migrantes\u00a0venezolanos deportados\u00a0desde\u00a0Estados Unidos\u00a0a una c\u00e1rcel de\u00a0m\u00e1xima seguridad\u00a0en El Salvador&#8230;<\/p>\n","protected":false},"author":1,"featured_media":5947,"comment_status":"open","ping_status":"open","sticky":false,"template":"","format":"standard","meta":{"footnotes":""},"categories":[5],"tags":[],"class_list":["post-5946","post","type-post","status-publish","format-standard","has-post-thumbnail","hentry","category-internacional"],"_links":{"self":[{"href":"https:\/\/noticierotamaulipeco.info\/index.php?rest_route=\/wp\/v2\/posts\/5946","targetHints":{"allow":["GET"]}}],"collection":[{"href":"https:\/\/noticierotamaulipeco.info\/index.php?rest_route=\/wp\/v2\/posts"}],"about":[{"href":"https:\/\/noticierotamaulipeco.info\/index.php?rest_route=\/wp\/v2\/types\/post"}],"author":[{"embeddable":true,"href":"https:\/\/noticierotamaulipeco.info\/index.php?rest_route=\/wp\/v2\/users\/1"}],"replies":[{"embeddable":true,"href":"https:\/\/noticierotamaulipeco.info\/index.php?rest_route=%2Fwp%2Fv2%2Fcomments&post=5946"}],"version-history":[{"count":1,"href":"https:\/\/noticierotamaulipeco.info\/index.php?rest_route=\/wp\/v2\/posts\/5946\/revisions"}],"predecessor-version":[{"id":5948,"href":"https:\/\/noticierotamaulipeco.info\/index.php?rest_route=\/wp\/v2\/posts\/5946\/revisions\/5948"}],"wp:featuredmedia":[{"embeddable":true,"href":"https:\/\/noticierotamaulipeco.info\/index.php?rest_route=\/wp\/v2\/media\/5947"}],"wp:attachment":[{"href":"https:\/\/noticierotamaulipeco.info\/index.php?rest_route=%2Fwp%2Fv2%2Fmedia&parent=5946"}],"wp:term":[{"taxonomy":"category","embeddable":true,"href":"https:\/\/noticierotamaulipeco.info\/index.php?rest_route=%2Fwp%2Fv2%2Fcategories&post=5946"},{"taxonomy":"post_tag","embeddable":true,"href":"https:\/\/noticierotamaulipeco.info\/index.php?rest_route=%2Fwp%2Fv2%2Ftags&post=5946"}],"curies":[{"name":"wp","href":"https:\/\/api.w.org\/{rel}","templated":true}]}}