{"id":6017,"date":"2025-07-11T18:11:26","date_gmt":"2025-07-11T18:11:26","guid":{"rendered":"https:\/\/noticierotamaulipeco.info\/?p=6017"},"modified":"2025-07-14T18:12:17","modified_gmt":"2025-07-14T18:12:17","slug":"imparten-docentes-de-la-uat-clases-a-escuelas-de-iberoamerica","status":"publish","type":"post","link":"https:\/\/noticierotamaulipeco.info\/?p=6017","title":{"rendered":"Imparten docentes de la UAT clases a escuelas de Iberoam\u00e9rica"},"content":{"rendered":"\n<p>11 de julio del 2025<\/p>\n\n\n\n<p><strong>&#8220;<\/strong>&nbsp;En un destacado esfuerzo por fortalecer la proyecci\u00f3n internacional de la Universidad Aut\u00f3noma de Tamaulipas (UAT), dos catedr\u00e1ticos de la Facultad de Derecho y Ciencias Sociales Victoria (FDCSV) participaron como ponentes en el Programa de Clases Maestras de la Confederaci\u00f3n Panamericana de Escuelas de Hoteler\u00eda, Gastronom\u00eda y Turismo (CONPEHT), considerada la organizaci\u00f3n acad\u00e9mica de mayor trayectoria en Iberoam\u00e9rica en el \u00e1mbito tur\u00edstico.&nbsp;<strong>&#8220;<\/strong><\/p>\n\n\n\n<p>\u200b<\/p>\n\n\n\n<p>COMUNICADO ADICIONAL.<\/p>\n\n\n\n<p>Ciudad Victoria, Tam.; 11 de julio de 2025.<\/p>\n\n\n\n<p>La coordinadora de la Licenciatura en Turismo de la FDCSV, Mtra. Roc\u00edo del Carmen Ayala Garza, expres\u00f3 que esta participaci\u00f3n internacional permiti\u00f3 a la UAT compartir conocimientos con instituciones de pa\u00edses como Espa\u00f1a, Per\u00fa, Ecuador, Chile y Bolivia.<\/p>\n\n\n\n<p>Se\u00f1al\u00f3 que, gracias al impulso del rector de la UAT, D\u00e1maso Anaya Alvarado, y al respaldo del director de la Facultad, Edy Izaguirre Trevi\u00f1o, contin\u00faan consolidando la calidad acad\u00e9mica, la actualizaci\u00f3n de especialistas y la vinculaci\u00f3n internacional.<\/p>\n\n\n\n<p>En este marco, el Dr. Juan Francisco Morales Pacheco imparti\u00f3 la clase magistral \u201cGeograf\u00eda del Espacio Tur\u00edstico&#8221; a estudiantes de instituciones de Ecuador y Per\u00fa, con quienes sostuvo un intercambio acad\u00e9mico sobre la dimensi\u00f3n territorial y los fen\u00f3menos que impactan los espacios tur\u00edsticos.<\/p>\n\n\n\n<p>Por su parte, el Dr. Miguel \u00c1ngel D\u00e1vila Ruiz present\u00f3 la clase \u201cResiliencia del Espacio Tur\u00edstico&#8221;, dirigida a estudiantes de la Universidad Cat\u00f3lica de Chile y la Universidad Cat\u00f3lica de Bolivia.<\/p>\n\n\n\n<p>Su ponencia se centr\u00f3 en los procesos de sostenibilidad y restauraci\u00f3n del entorno tur\u00edstico a trav\u00e9s de la adaptaci\u00f3n basada en ecosistemas, una l\u00ednea de investigaci\u00f3n poco abordada en Am\u00e9rica Latina.<\/p>\n\n\n\n<p>Estas contribuciones reflejan el compromiso institucional de la UAT y su comunidad acad\u00e9mica con la formaci\u00f3n de profesionales de alto nivel, al tiempo que reafirman su presencia y participaci\u00f3n en redes de colaboraci\u00f3n internacional orientadas al desarrollo sostenible del turismo en Am\u00e9rica Latina.<\/p>\n\n\n\n<p>\u200b&nbsp;<\/p>\n\n\n\n<figure class=\"wp-block-image\"><img decoding=\"async\" src=\"https:\/\/www.uat.edu.mx\/noticias\/PublishingImages\/2024\/05\/foto%201%20escuela%20iberoamericana%2011%2007%202025_YXG338.jpg\" alt=\"\"\/><\/figure>\n","protected":false},"excerpt":{"rendered":"<p>11 de julio del 2025 &#8220;&nbsp;En un destacado esfuerzo por fortalecer la proyecci\u00f3n internacional de&#8230;<\/p>\n","protected":false},"author":1,"featured_media":6018,"comment_status":"open","ping_status":"open","sticky":false,"template":"","format":"standard","meta":{"footnotes":""},"categories":[4],"tags":[],"class_list":["post-6017","post","type-post","status-publish","format-standard","has-post-thumbnail","hentry","category-educacion"],"_links":{"self":[{"href":"https:\/\/noticierotamaulipeco.info\/index.php?rest_route=\/wp\/v2\/posts\/6017","targetHints":{"allow":["GET"]}}],"collection":[{"href":"https:\/\/noticierotamaulipeco.info\/index.php?rest_route=\/wp\/v2\/posts"}],"about":[{"href":"https:\/\/noticierotamaulipeco.info\/index.php?rest_route=\/wp\/v2\/types\/post"}],"author":[{"embeddable":true,"href":"https:\/\/noticierotamaulipeco.info\/index.php?rest_route=\/wp\/v2\/users\/1"}],"replies":[{"embeddable":true,"href":"https:\/\/noticierotamaulipeco.info\/index.php?rest_route=%2Fwp%2Fv2%2Fcomments&post=6017"}],"version-history":[{"count":1,"href":"https:\/\/noticierotamaulipeco.info\/index.php?rest_route=\/wp\/v2\/posts\/6017\/revisions"}],"predecessor-version":[{"id":6019,"href":"https:\/\/noticierotamaulipeco.info\/index.php?rest_route=\/wp\/v2\/posts\/6017\/revisions\/6019"}],"wp:featuredmedia":[{"embeddable":true,"href":"https:\/\/noticierotamaulipeco.info\/index.php?rest_route=\/wp\/v2\/media\/6018"}],"wp:attachment":[{"href":"https:\/\/noticierotamaulipeco.info\/index.php?rest_route=%2Fwp%2Fv2%2Fmedia&parent=6017"}],"wp:term":[{"taxonomy":"category","embeddable":true,"href":"https:\/\/noticierotamaulipeco.info\/index.php?rest_route=%2Fwp%2Fv2%2Fcategories&post=6017"},{"taxonomy":"post_tag","embeddable":true,"href":"https:\/\/noticierotamaulipeco.info\/index.php?rest_route=%2Fwp%2Fv2%2Ftags&post=6017"}],"curies":[{"name":"wp","href":"https:\/\/api.w.org\/{rel}","templated":true}]}}