{"id":6029,"date":"2025-07-14T15:53:42","date_gmt":"2025-07-14T15:53:42","guid":{"rendered":"https:\/\/noticierotamaulipeco.info\/?p=6029"},"modified":"2025-07-15T15:54:14","modified_gmt":"2025-07-15T15:54:14","slug":"cultiva-la-uat-el-amor-por-la-ciencia-en-la-ninez-tamaulipeca","status":"publish","type":"post","link":"https:\/\/noticierotamaulipeco.info\/?p=6029","title":{"rendered":"Cultiva la UAT el amor por la ciencia en la ni\u00f1ez tamaulipeca"},"content":{"rendered":"\n<p>14 de julio del 2025<\/p>\n\n\n\n<p><strong>&#8220;<\/strong>&nbsp;La Universidad Aut\u00f3noma de Tamaulipas (UAT) puso en marcha la edici\u00f3n 2025 del Campamento de Verano Infantil &#8220;Amor por la Ciencia&#8221;, que se realiza de manera simult\u00e1nea en las sedes universitarias de Ciudad Victoria y Reynosa, con la participaci\u00f3n de ni\u00f1as y ni\u00f1os de distintas edades.&nbsp;<strong>&#8220;<\/strong><\/p>\n\n\n\n<p>\u200b<\/p>\n\n\n\n<p>Ciudad Victoria, Tam., 14 de julio de 2025.<\/p>\n\n\n\n<p>La apertura del campamento, realizada en la explanada de la Facultad de Comercio y Administraci\u00f3n Victoria (FCAV), estuvo a cargo del secretario de Investigaci\u00f3n y Posgrado de la UAT, Fernando Leal R\u00edos, quien, con la representaci\u00f3n del rector D\u00e1maso Anaya Alvarado, dio el mensaje de bienvenida y declar\u00f3 formalmente inauguradas las actividades.<\/p>\n\n\n\n<p>El Campamento de Verano Infantil &#8220;Amor por la Ciencia&#8221; tiene como objetivo contribuir a la formaci\u00f3n de la ni\u00f1ez tamaulipeca con pensamiento cr\u00edtico, vocaci\u00f3n cient\u00edfica y compromiso social, y que, al ingresar a la universidad, se distingan por haber vivido experiencias de apropiaci\u00f3n del conocimiento desde su infancia.<\/p>\n\n\n\n<p>En continuidad a las actividades programadas, el campamento se llev\u00f3 a cabo en Tampico, del 7 al 11 de julio; mientras que en Ciudad Victoria y Reynosa se estar\u00e1 desarrollando del 14 al 18 de julio.<\/p>\n\n\n\n<p>Este campamento est\u00e1 dirigido a ni\u00f1as y ni\u00f1os de 6 a 12 a\u00f1os que sienten la curiosidad de explorar el mundo de la ciencia a trav\u00e9s de talleres l\u00fadicos que les permitan adquirir mayor conocimiento de las ciencias naturales, las matem\u00e1ticas, la tecnolog\u00eda, el arte, la cultura y otras \u00e1reas de estudio asociadas.<\/p>\n\n\n\n<p>Mediante estas actividades se busca fomentar el desarrollo de habilidades para la resoluci\u00f3n de problemas, el pensamiento cr\u00edtico y razonamiento l\u00f3gico; adem\u00e1s de despertar su creatividad, curiosidad y confianza en s\u00ed mismos.<\/p>\n\n\n\n<p>Los talleres del campamento son impartidos por investigadores de la m\u00e1xima casa de estudios del estado, quienes son expertos en diferentes \u00e1reas del conocimiento.<\/p>\n\n\n\n<p>En la ceremonia tambi\u00e9n estuvo presente la subsecretaria de Educaci\u00f3n B\u00e1sica de la Secretar\u00eda de Educaci\u00f3n de Tamaulipas (SET), Nora Hilda de los Reyes V\u00e1zquez, as\u00ed como directoras y directores de las facultades y unidades acad\u00e9micas del Campus Victoria.<\/p>\n\n\n\n<figure class=\"wp-block-image\"><img decoding=\"async\" src=\"https:\/\/www.uat.edu.mx\/noticias\/PublishingImages\/2024\/05\/2_YDH100.jpg\" alt=\"\"\/><\/figure>\n","protected":false},"excerpt":{"rendered":"<p>14 de julio del 2025 &#8220;&nbsp;La Universidad Aut\u00f3noma de Tamaulipas (UAT) puso en marcha la&#8230;<\/p>\n","protected":false},"author":1,"featured_media":6030,"comment_status":"open","ping_status":"open","sticky":false,"template":"","format":"standard","meta":{"footnotes":""},"categories":[4],"tags":[],"class_list":["post-6029","post","type-post","status-publish","format-standard","has-post-thumbnail","hentry","category-educacion"],"_links":{"self":[{"href":"https:\/\/noticierotamaulipeco.info\/index.php?rest_route=\/wp\/v2\/posts\/6029","targetHints":{"allow":["GET"]}}],"collection":[{"href":"https:\/\/noticierotamaulipeco.info\/index.php?rest_route=\/wp\/v2\/posts"}],"about":[{"href":"https:\/\/noticierotamaulipeco.info\/index.php?rest_route=\/wp\/v2\/types\/post"}],"author":[{"embeddable":true,"href":"https:\/\/noticierotamaulipeco.info\/index.php?rest_route=\/wp\/v2\/users\/1"}],"replies":[{"embeddable":true,"href":"https:\/\/noticierotamaulipeco.info\/index.php?rest_route=%2Fwp%2Fv2%2Fcomments&post=6029"}],"version-history":[{"count":1,"href":"https:\/\/noticierotamaulipeco.info\/index.php?rest_route=\/wp\/v2\/posts\/6029\/revisions"}],"predecessor-version":[{"id":6031,"href":"https:\/\/noticierotamaulipeco.info\/index.php?rest_route=\/wp\/v2\/posts\/6029\/revisions\/6031"}],"wp:featuredmedia":[{"embeddable":true,"href":"https:\/\/noticierotamaulipeco.info\/index.php?rest_route=\/wp\/v2\/media\/6030"}],"wp:attachment":[{"href":"https:\/\/noticierotamaulipeco.info\/index.php?rest_route=%2Fwp%2Fv2%2Fmedia&parent=6029"}],"wp:term":[{"taxonomy":"category","embeddable":true,"href":"https:\/\/noticierotamaulipeco.info\/index.php?rest_route=%2Fwp%2Fv2%2Fcategories&post=6029"},{"taxonomy":"post_tag","embeddable":true,"href":"https:\/\/noticierotamaulipeco.info\/index.php?rest_route=%2Fwp%2Fv2%2Ftags&post=6029"}],"curies":[{"name":"wp","href":"https:\/\/api.w.org\/{rel}","templated":true}]}}