{"id":6187,"date":"2025-08-04T19:24:17","date_gmt":"2025-08-04T19:24:17","guid":{"rendered":"https:\/\/noticierotamaulipeco.info\/?p=6187"},"modified":"2025-08-27T19:25:38","modified_gmt":"2025-08-27T19:25:38","slug":"reanudara-dif-tamaulipas-las-brigadas-transformando-familias-en-la-zona-fronteriza","status":"publish","type":"post","link":"https:\/\/noticierotamaulipeco.info\/?p=6187","title":{"rendered":"Reanudar\u00e1 DIF Tamaulipas las brigadas \u201cTransformando Familias\u201d en la zona fronteriza"},"content":{"rendered":"\n<p>Agosto 04 de 2025<\/p>\n\n\n\n<p>Ciudad Victoria, Tamaulipas. Ser\u00e1 en el pr\u00f3ximo mes de septiembre cuando el Sistema para el Desarrollo Integral de la Familia de Tamaulipas, que preside la doctora Mar\u00eda de Villarreal, reinicie las actividades de las brigadas asistenciales \u201cTransformando Familias\u201d, comenzando en los municipios de la frontera norte de la entidad y llegando a comunidades donde antes no se hab\u00edan ofrecido servicios de este tipo.<\/p>\n\n\n\n<p>\u201cPronto empezaremos de nuevo con las brigadas asistenciales, que son tan buenas y tienen muchos beneficios. En esta ocasi\u00f3n iniciaremos en los municipios fronterizos y llegaremos a lugares donde jam\u00e1s hab\u00edan tenido la oportunidad de recibir atenci\u00f3n por parte del gobierno. Estaremos con ellos para brindarles todos los servicios\u201d, mencion\u00f3 Patricia Lara Ayala, directora general del DIF Tamaulipas, en entrevista con medios de comunicaci\u00f3n.<\/p>\n\n\n\n<p>Estas brigadas iniciar\u00e1n en el municipio de Nuevo Laredo, para continuar en Guerrero y Reynosa. Posteriormente, en octubre, estar\u00e1n presentes en San Nicol\u00e1s y Casas, y en noviembre atender\u00e1n a los municipios de Tampico, Madero, Altamira, Soto la Marina y Aldama.<\/p>\n\n\n\n<p>Finalmente, en diciembre, las brigadas se llevar\u00e1n a cabo en Xicot\u00e9ncatl, G\u00f3mez Far\u00edas y Matamoros. En todas las sedes se brindar\u00e1 atenci\u00f3n al p\u00fablico en general en un horario de 8:00 a 13:00 horas, con m\u00faltiples productos y servicios de dependencias federales, estatales y municipales, adem\u00e1s de todas las atenciones proporcionadas por los Mensajeros de Paz del Sistema DIF Tamaulipas.<\/p>\n\n\n\n<figure class=\"wp-block-image size-full\"><img loading=\"lazy\" decoding=\"async\" width=\"850\" height=\"500\" src=\"https:\/\/noticierotamaulipeco.info\/wp-content\/uploads\/2025\/08\/image.png\" alt=\"\" class=\"wp-image-6188\" srcset=\"https:\/\/noticierotamaulipeco.info\/wp-content\/uploads\/2025\/08\/image.png 850w, https:\/\/noticierotamaulipeco.info\/wp-content\/uploads\/2025\/08\/image-300x176.png 300w, https:\/\/noticierotamaulipeco.info\/wp-content\/uploads\/2025\/08\/image-768x452.png 768w\" sizes=\"auto, (max-width: 850px) 100vw, 850px\" \/><\/figure>\n","protected":false},"excerpt":{"rendered":"<p>Agosto 04 de 2025 Ciudad Victoria, Tamaulipas. Ser\u00e1 en el pr\u00f3ximo mes de septiembre cuando&#8230;<\/p>\n","protected":false},"author":1,"featured_media":6188,"comment_status":"open","ping_status":"open","sticky":false,"template":"","format":"standard","meta":{"footnotes":""},"categories":[2],"tags":[],"class_list":["post-6187","post","type-post","status-publish","format-standard","has-post-thumbnail","hentry","category-tamaulipas"],"_links":{"self":[{"href":"https:\/\/noticierotamaulipeco.info\/index.php?rest_route=\/wp\/v2\/posts\/6187","targetHints":{"allow":["GET"]}}],"collection":[{"href":"https:\/\/noticierotamaulipeco.info\/index.php?rest_route=\/wp\/v2\/posts"}],"about":[{"href":"https:\/\/noticierotamaulipeco.info\/index.php?rest_route=\/wp\/v2\/types\/post"}],"author":[{"embeddable":true,"href":"https:\/\/noticierotamaulipeco.info\/index.php?rest_route=\/wp\/v2\/users\/1"}],"replies":[{"embeddable":true,"href":"https:\/\/noticierotamaulipeco.info\/index.php?rest_route=%2Fwp%2Fv2%2Fcomments&post=6187"}],"version-history":[{"count":1,"href":"https:\/\/noticierotamaulipeco.info\/index.php?rest_route=\/wp\/v2\/posts\/6187\/revisions"}],"predecessor-version":[{"id":6189,"href":"https:\/\/noticierotamaulipeco.info\/index.php?rest_route=\/wp\/v2\/posts\/6187\/revisions\/6189"}],"wp:featuredmedia":[{"embeddable":true,"href":"https:\/\/noticierotamaulipeco.info\/index.php?rest_route=\/wp\/v2\/media\/6188"}],"wp:attachment":[{"href":"https:\/\/noticierotamaulipeco.info\/index.php?rest_route=%2Fwp%2Fv2%2Fmedia&parent=6187"}],"wp:term":[{"taxonomy":"category","embeddable":true,"href":"https:\/\/noticierotamaulipeco.info\/index.php?rest_route=%2Fwp%2Fv2%2Fcategories&post=6187"},{"taxonomy":"post_tag","embeddable":true,"href":"https:\/\/noticierotamaulipeco.info\/index.php?rest_route=%2Fwp%2Fv2%2Ftags&post=6187"}],"curies":[{"name":"wp","href":"https:\/\/api.w.org\/{rel}","templated":true}]}}