{"id":6205,"date":"2025-06-29T19:35:00","date_gmt":"2025-06-29T19:35:00","guid":{"rendered":"https:\/\/noticierotamaulipeco.info\/?p=6205"},"modified":"2025-08-27T19:36:40","modified_gmt":"2025-08-27T19:36:40","slug":"recibe-personal-de-cedes-matamoros-capacitacion-en-materia-de-derechos-humanos","status":"publish","type":"post","link":"https:\/\/noticierotamaulipeco.info\/?p=6205","title":{"rendered":"Recibe personal de CEDES Matamoros capacitaci\u00f3n en materia de derechos humanos"},"content":{"rendered":"\n<p>Junio 29 de 2025<\/p>\n\n\n\n<p>Matamoros, Tamaulipas.- Con la finalidad de garantizar un trato digno, \u00e9tico y respetuoso al interior del Centro de Ejecuci\u00f3n de Sanciones (CEDES) del municipio de Matamoros, personal de seguridad, custodia y \u00e1reas administrativas asistieron a la capacitaci\u00f3n \u2018\u2019Aspectos Generales de los Derechos Humanos\u2019\u2019.<\/p>\n\n\n\n<p>La formaci\u00f3n fue impartida por la delegada regional de la Comisi\u00f3n de Derechos Humanos del Estado de Tamaulipas (CODHET), Mayra Liliana Botello Garza, quien brind\u00f3 a las y los asistentes las herramientas conceptuales pr\u00e1cticas para fortalecer su desempe\u00f1o desde una perspectiva de legalidad, equidad y respeto a la dignidad humana.<\/p>\n\n\n\n<p>A trav\u00e9s de la Subsecretar\u00eda de Ejecuci\u00f3n de Sanciones y Reinserci\u00f3n Social, la Secretar\u00eda de Seguridad P\u00fablica de Tamaulipas (SSPT) trabaja de la mano con instituciones que contribuyen a la formaci\u00f3n del personal que labora en los centros penitenciarios de la entidad para garantizar un entorno adecuado para una reintegraci\u00f3n social efectiva.<\/p>\n\n\n\n<p>Asimismo, Tamaulipas contin\u00faa avanzando para mejorar en los indicadores espec\u00edficos del Diagn\u00f3stico Nacional de Supervisi\u00f3n Penitenciaria (DNSP) de la Comisi\u00f3n Nacional de Derechos Humanos (CNDH) en el que actualmente se encuentra arriba de la media.<\/p>\n\n\n\n<figure class=\"wp-block-image\"><a href=\"https:\/\/www.tamaulipas.gob.mx\/wp-content\/uploads\/2025\/06\/SSP-214-2025.-Recibe-personal-de-CEDES-Matamoros-capacitacion-en-materia-de-derechos-humanos.jpeg\"><img decoding=\"async\" src=\"https:\/\/www.tamaulipas.gob.mx\/wp-content\/uploads\/2025\/06\/SSP-214-2025.-Recibe-personal-de-CEDES-Matamoros-capacitacion-en-materia-de-derechos-humanos-850x500.jpeg\" alt=\"\"\/><\/a><\/figure>\n","protected":false},"excerpt":{"rendered":"<p>Junio 29 de 2025 Matamoros, Tamaulipas.- Con la finalidad de garantizar un trato digno, \u00e9tico&#8230;<\/p>\n","protected":false},"author":1,"featured_media":6206,"comment_status":"open","ping_status":"open","sticky":false,"template":"","format":"standard","meta":{"footnotes":""},"categories":[2],"tags":[],"class_list":["post-6205","post","type-post","status-publish","format-standard","has-post-thumbnail","hentry","category-tamaulipas"],"_links":{"self":[{"href":"https:\/\/noticierotamaulipeco.info\/index.php?rest_route=\/wp\/v2\/posts\/6205","targetHints":{"allow":["GET"]}}],"collection":[{"href":"https:\/\/noticierotamaulipeco.info\/index.php?rest_route=\/wp\/v2\/posts"}],"about":[{"href":"https:\/\/noticierotamaulipeco.info\/index.php?rest_route=\/wp\/v2\/types\/post"}],"author":[{"embeddable":true,"href":"https:\/\/noticierotamaulipeco.info\/index.php?rest_route=\/wp\/v2\/users\/1"}],"replies":[{"embeddable":true,"href":"https:\/\/noticierotamaulipeco.info\/index.php?rest_route=%2Fwp%2Fv2%2Fcomments&post=6205"}],"version-history":[{"count":1,"href":"https:\/\/noticierotamaulipeco.info\/index.php?rest_route=\/wp\/v2\/posts\/6205\/revisions"}],"predecessor-version":[{"id":6207,"href":"https:\/\/noticierotamaulipeco.info\/index.php?rest_route=\/wp\/v2\/posts\/6205\/revisions\/6207"}],"wp:featuredmedia":[{"embeddable":true,"href":"https:\/\/noticierotamaulipeco.info\/index.php?rest_route=\/wp\/v2\/media\/6206"}],"wp:attachment":[{"href":"https:\/\/noticierotamaulipeco.info\/index.php?rest_route=%2Fwp%2Fv2%2Fmedia&parent=6205"}],"wp:term":[{"taxonomy":"category","embeddable":true,"href":"https:\/\/noticierotamaulipeco.info\/index.php?rest_route=%2Fwp%2Fv2%2Fcategories&post=6205"},{"taxonomy":"post_tag","embeddable":true,"href":"https:\/\/noticierotamaulipeco.info\/index.php?rest_route=%2Fwp%2Fv2%2Ftags&post=6205"}],"curies":[{"name":"wp","href":"https:\/\/api.w.org\/{rel}","templated":true}]}}