{"id":6258,"date":"2025-07-20T15:35:00","date_gmt":"2025-07-20T15:35:00","guid":{"rendered":"https:\/\/noticierotamaulipeco.info\/?p=6258"},"modified":"2025-08-28T15:38:19","modified_gmt":"2025-08-28T15:38:19","slug":"presenta-garcia-harfuch-avances-de-seguridad-en-sinaloa-asegura-que-organizaciones-criminales-han-sido-mermadas","status":"publish","type":"post","link":"https:\/\/noticierotamaulipeco.info\/?p=6258","title":{"rendered":"Presenta Garc\u00eda Harfuch avances de seguridad en Sinaloa, asegura que organizaciones criminales han sido \u201cmermadas\u201d"},"content":{"rendered":"\n<p>julio 20, 2025<\/p>\n\n\n\n<p>Omar Garc\u00eda Harfuch detall\u00f3 que en Sinaloa se han detenido a mil 487 personas, decomisado 3 mil 3 armas de fuego, desmantelado 91 laboratorios de producci\u00f3n de metanfetamina y asegurado m\u00e1s de 53 mil 602 kilogramos de droga<\/p>\n\n\n\n<p>julio 20, 2025<\/p>\n\n\n\n<p>El&nbsp;<strong>secretario de Seguridad y Protecci\u00f3n Ciudadana<\/strong>&nbsp;(<strong>SSPC<\/strong>),&nbsp;<strong>Omar Garc\u00eda Harfuch<\/strong>, inform\u00f3 este domingo de los resultados obtenidos por parte del&nbsp;<strong>Gabinete de Seguridad Nacional<\/strong>&nbsp;en&nbsp;<strong>Sinaloa<\/strong>, uno de los estados que concentra el 54 % de los homicidios en el pa\u00eds.<\/p>\n\n\n\n<p>En conferencia de prensa, el titular de la&nbsp;<strong>SSPC<\/strong>&nbsp;detall\u00f3 que en este territorio se han detenido a mil 487 personas, decomisado 3 mil 3 armas de fuego, desmantelado 91 laboratorios de producci\u00f3n de metanfetamina y asegurado m\u00e1s de 53 mil 602 kilogramos de droga -entre la que se detectan pastillas de fentanilo-, durante el periodo del 1 de octubre de 2024 al 16 de julio del presente a\u00f1o.<\/p>\n\n\n\n<p>Tambi\u00e9n destac\u00f3 que el aseguramiento de armas en esta entidad \u201crepresenta m\u00e1s del 20 % del total confiscado en el pa\u00eds\u201d.<\/p>\n\n\n\n<p>Asimismo, record\u00f3 que estos operativos constantes son para \u201cdarle tranquilidad a la ciudadan\u00eda\u201d, luego de que en septiembre de 2024 iniciara una pugna entre&nbsp;<strong>Los Chapitos<\/strong>&nbsp;y&nbsp;<strong>Los Mayos<\/strong>, enfrentamiento que ha dejado m\u00e1s de mil 500 muertos en Sinaloa.<\/p>\n\n\n\n<blockquote class=\"wp-block-quote is-layout-flow wp-block-quote-is-layout-flow\">\n<p>Esa situaci\u00f3n que comenz\u00f3 en el estado de Sinaloa, esta situaci\u00f3n de violencia provocada por dos grupos delictivos -que se conoc\u00edan perfectamente- es lo que justamente estas operaciones e investigaciones que a diario realiza el Gabinete de Seguridad son para revertir esto que estos mismos delincuentes provocaron\u201d, sentenci\u00f3.<\/p>\n<\/blockquote>\n\n\n\n<p>En cuanto a las organizaciones criminales,&nbsp;<strong>Harfuch<\/strong>&nbsp;subray\u00f3 que \u201chan sido mermadas\u201d, pues \u201cal inicio del conflicto ve\u00edamos los&nbsp;<strong>convoys<\/strong>&nbsp;de varias camionetas en&nbsp;<strong>Culiac\u00e1n<\/strong>, hoy no tenemos registro de eso, cada vez son menos frecuentes\u201d.<\/p>\n\n\n\n<p>\u201cNo quiere decir que la&nbsp;<strong>situaci\u00f3n est\u00e9 resuelta<\/strong>, lo que decimos es que no son iguales, no tienen la misma capacidad de fuego estos grupos delincuenciales\u201d, afirm\u00f3.<\/p>\n\n\n\n<p>Por su lado, el titular de la&nbsp;<strong>Secretar\u00eda de la Defensa Nacional<\/strong>&nbsp;(Sedena),&nbsp;<strong>Ricardo Trevilla<\/strong>, neg\u00f3 la presencia de otros c\u00e1rteles en Sinaloa, y resalt\u00f3 el despliegue de 11 mil elementos del&nbsp;<strong>Ej\u00e9rcito Mexicano<\/strong>&nbsp;y la&nbsp;<strong>Guardia Nacional<\/strong>&nbsp;(<strong>GN<\/strong>) en la entidad.<\/p>\n\n\n\n<p>\u201cNo hemos encontrado indicios de otro cartel, al sur de&nbsp;<strong>Sinaloa<\/strong>&nbsp;algunos grupos han colocado mantas donde buscan generar esa idea, pero del personal que ha detenido o de material, armamento, drogas que se han asegurado, no se ha encontrado alg\u00fan indicio que apoye esa teor\u00eda\u201d, respondi\u00f3 descartando posibles alianzas con&nbsp;<strong>Los Chapitos<\/strong>.<\/p>\n\n\n\n<p>Al ser cuestionado por la detenci\u00f3n&nbsp;<strong>Ovidio Guzm\u00e1n<\/strong>, hijo de Joaqu\u00edn \u2018<strong>El Chapo<\/strong>\u2019, ocurrida en enero de 2023 en Culiac\u00e1n, Harfuch presumi\u00f3 que fue una operaci\u00f3n realizada 100 % por&nbsp;<strong>autoridades mexicanas<\/strong>.<\/p>\n\n\n\n<p>Recordarle a la ciudadan\u00eda qui\u00e9n detuvo a\u00a0<strong>Ovidio<\/strong>, c\u00f3mo se detuvo (\u2026) La detenci\u00f3n fue 100 por ciento por autoridades mexicanas, mueren 10 militares en operativo, es el Gobierno de M\u00e9xico quien lo env\u00eda, se extradita, y hasta ahorita se hace un acuerdo para mencionar a otras personas de su grupo delictivo\u201d, manifest\u00f3 sobre este detenido que recientemente se declar\u00f3 culpable de cuatro cargos de narcotr\u00e1fico en EE.UU.<\/p>\n\n\n\n<figure class=\"wp-block-image size-large\"><img loading=\"lazy\" decoding=\"async\" width=\"1024\" height=\"683\" src=\"https:\/\/noticierotamaulipeco.info\/wp-content\/uploads\/2025\/08\/image-15-1024x683.png\" alt=\"\" class=\"wp-image-6259\" srcset=\"https:\/\/noticierotamaulipeco.info\/wp-content\/uploads\/2025\/08\/image-15-1024x683.png 1024w, https:\/\/noticierotamaulipeco.info\/wp-content\/uploads\/2025\/08\/image-15-300x200.png 300w, https:\/\/noticierotamaulipeco.info\/wp-content\/uploads\/2025\/08\/image-15-768x512.png 768w, https:\/\/noticierotamaulipeco.info\/wp-content\/uploads\/2025\/08\/image-15.png 1200w\" sizes=\"auto, (max-width: 1024px) 100vw, 1024px\" \/><\/figure>\n","protected":false},"excerpt":{"rendered":"<p>julio 20, 2025 Omar Garc\u00eda Harfuch detall\u00f3 que en Sinaloa se han detenido a mil&#8230;<\/p>\n","protected":false},"author":1,"featured_media":6259,"comment_status":"open","ping_status":"open","sticky":false,"template":"","format":"standard","meta":{"footnotes":""},"categories":[3],"tags":[],"class_list":["post-6258","post","type-post","status-publish","format-standard","has-post-thumbnail","hentry","category-mexico"],"_links":{"self":[{"href":"https:\/\/noticierotamaulipeco.info\/index.php?rest_route=\/wp\/v2\/posts\/6258","targetHints":{"allow":["GET"]}}],"collection":[{"href":"https:\/\/noticierotamaulipeco.info\/index.php?rest_route=\/wp\/v2\/posts"}],"about":[{"href":"https:\/\/noticierotamaulipeco.info\/index.php?rest_route=\/wp\/v2\/types\/post"}],"author":[{"embeddable":true,"href":"https:\/\/noticierotamaulipeco.info\/index.php?rest_route=\/wp\/v2\/users\/1"}],"replies":[{"embeddable":true,"href":"https:\/\/noticierotamaulipeco.info\/index.php?rest_route=%2Fwp%2Fv2%2Fcomments&post=6258"}],"version-history":[{"count":1,"href":"https:\/\/noticierotamaulipeco.info\/index.php?rest_route=\/wp\/v2\/posts\/6258\/revisions"}],"predecessor-version":[{"id":6260,"href":"https:\/\/noticierotamaulipeco.info\/index.php?rest_route=\/wp\/v2\/posts\/6258\/revisions\/6260"}],"wp:featuredmedia":[{"embeddable":true,"href":"https:\/\/noticierotamaulipeco.info\/index.php?rest_route=\/wp\/v2\/media\/6259"}],"wp:attachment":[{"href":"https:\/\/noticierotamaulipeco.info\/index.php?rest_route=%2Fwp%2Fv2%2Fmedia&parent=6258"}],"wp:term":[{"taxonomy":"category","embeddable":true,"href":"https:\/\/noticierotamaulipeco.info\/index.php?rest_route=%2Fwp%2Fv2%2Fcategories&post=6258"},{"taxonomy":"post_tag","embeddable":true,"href":"https:\/\/noticierotamaulipeco.info\/index.php?rest_route=%2Fwp%2Fv2%2Ftags&post=6258"}],"curies":[{"name":"wp","href":"https:\/\/api.w.org\/{rel}","templated":true}]}}