{"id":6275,"date":"2025-08-28T15:51:40","date_gmt":"2025-08-28T15:51:40","guid":{"rendered":"https:\/\/noticierotamaulipeco.info\/?p=6275"},"modified":"2025-08-28T15:51:40","modified_gmt":"2025-08-28T15:51:40","slug":"cientos-de-desplazados-en-haiti-intentan-regresar-a-sus-hogares-tras-retirarse-las-bandas","status":"publish","type":"post","link":"https:\/\/noticierotamaulipeco.info\/?p=6275","title":{"rendered":"Cientos de desplazados en Hait\u00ed intentan regresar a sus hogares tras retirarse las bandas"},"content":{"rendered":"\n<p>agosto 28, 2025<\/p>\n\n\n\n<p>Cientos de desplazados a causa de la violencia impuesta por las bandas armadas en la capital de&nbsp;<strong>Hait\u00ed<\/strong>&nbsp;intentan&nbsp;<strong>regresar este mi\u00e9rcoles a sus hogares<\/strong>, despu\u00e9s de que el l\u00edder pandillero&nbsp;<strong>Jimmy Cherisier<\/strong>, alias&nbsp;<strong>Barbecue,<\/strong>&nbsp;anunciara que pod\u00edan retornar a sus casas tras pedir a sus \u201csoldados\u201d que se retiren de algunas \u00e1reas.<\/p>\n\n\n\n<p>El l\u00edder de la coalici\u00f3n de bandas armadas&nbsp;<strong>Viv Ansanm (Vivir Juntos)<\/strong>, que tiene bajo su control desde hace m\u00e1s de un a\u00f1o ciertos barrios de&nbsp;<strong>Puerto Pr\u00edncipe<\/strong>, afirm\u00f3 en un video que dado que son sus \u201csoldados los que est\u00e1n all\u00ed, impidiendo que la gente regrese\u201d, les pedir\u00e1 \u201cque se retiren, para que la gente pueda volver a sus casas\u201d.<\/p>\n\n\n\n<blockquote class=\"wp-block-quote is-layout-flow wp-block-quote-is-layout-flow\">\n<p>\u201cEstoy dando los \u00faltimos retoques con Viv Ansanm para que, antes del viernes, antes de que termine el mes de agosto, Viv Ansanm se retire de Delmas 30, Solino, Christ Roi y Nazon, para que todo el mundo pueda volver a sus casas en estas zonas\u201d, afirm\u00f3 el pandillero.<\/p>\n<\/blockquote>\n\n\n\n<p>De inmediato, centenares de personas emprendieron el regreso a sus casas, muchas de ellas destrozadas tras ser incendiadas o saqueadas por las propias bandas armadas.<\/p>\n\n\n\n<p>Uno de los vecinos que regres\u00f3,&nbsp;<strong>Claude,<\/strong>&nbsp;que viv\u00eda en un campamento de la organizaci\u00f3n humanitaria&nbsp;<strong>M\u00e9dicos Sin Fronteras (MSF),<\/strong>&nbsp;cont\u00f3 que se qued\u00f3 at\u00f3nito al ver los da\u00f1os causados por los pandilleros a su vivienda.<\/p>\n\n\n\n<p>\u201cNo puedo volver. Ver\u00e1n, se lo han llevado todo. No nos queda nada. Es el Estado el que debe ayudarnos, dependemos de \u00e9l\u201d, dijo.<\/p>\n\n\n\n<p><strong>Claude<\/strong>&nbsp;mostr\u00f3 su vivienda, sin puertas ni ventanas y con el tejado al descubierto bajo un cielo despejado, mientras los pocos muebles visibles como una mesa o la nevera hab\u00edan quedado inservibles.<\/p>\n\n\n\n<p>Muchos de los desplazados que regresan a sus hogares se encuentran con la misma situaci\u00f3n, con&nbsp;<strong>casas vandalizadas y llenas de basura.<\/strong><\/p>\n\n\n\n<p>Esos desechos y escombros invaden tambi\u00e9n las calles, a modo muchas veces de trinchera. Los da\u00f1os parecen haber sido causados por un terremoto.<\/p>\n\n\n\n<p>Pese a la situaci\u00f3n, muchos de los desplazados han optado por quedarse en el barrio y no regresar a los campamentos, donde carecen de todos los servicios b\u00e1sicos, como&nbsp;<strong>agua, salud, alimentaci\u00f3n o electricidad.<\/strong><\/p>\n\n\n\n<h2 class=\"wp-block-heading\"><strong>M\u00e1s de un mill\u00f3n de desplazados en&nbsp;Hait\u00ed<\/strong><\/h2>\n\n\n\n<p>M\u00e1s de un mill\u00f3n de&nbsp;<strong>haitianos,<\/strong>&nbsp;entre ellos una gran cantidad de ni\u00f1os, son desplazados internos en el pa\u00eds caribe\u00f1o.<\/p>\n\n\n\n<p>Al menos uno de cada tres&nbsp;<strong>haitianos<\/strong>&nbsp;de la regi\u00f3n metropolitana de&nbsp;<strong>Puerto Pr\u00edncipe<\/strong>, controlada en un 90% por bandas armadas, se ha visto obligado a refugiarse en campamentos insalubres, a abandonar la capital para irse a otras ciudades m\u00e1s seguras o, incluso, migrar a pa\u00edses de la regi\u00f3n como&nbsp;<strong>Brasil<\/strong>&nbsp;<strong>o M\u00e9xico.<\/strong><\/p>\n\n\n\n<p>Adem\u00e1s, los niveles de violencia siguen disparados: solo entre abril y junio, al menos mil 520 personas murieron y 609 resultaron heridas, principalmente en la zona metropolitana de&nbsp;<strong>Puerto Pr\u00edncipe<\/strong>, seguida de&nbsp;<strong>Artibonite y el Centro<\/strong>.<\/p>\n\n\n\n<p>El domingo pasado, en las calles de&nbsp;<strong>Puerto Pr\u00edncipe<\/strong>, miles de desplazados de diversos barrios del centro de la ciudad, entre ellos&nbsp;<strong>Solino y Nazon<\/strong>, se manifestaron para expresar su intenci\u00f3n de volver a sus&nbsp;<strong>barrios de origen<\/strong>. Al d\u00eda siguiente, varios cientos de desplazados fueron vistos en la autopista de&nbsp;<strong>Delmas<\/strong>&nbsp;de regreso a sus hogares.<\/p>\n\n\n\n<p>Para algunos, las bandas armadas est\u00e1n dando este paso porque necesitan escudos humanos ante el anuncio de la intensificaci\u00f3n de las operaciones anunciadas por la&nbsp;<strong>Polic\u00eda Nacional de Hait\u00ed (PNH)<\/strong>&nbsp;en los pr\u00f3ximos d\u00edas.<\/p>\n\n\n\n<p>La&nbsp;<strong>Polic\u00eda haitiana<\/strong>, con el apoyo de la&nbsp;<strong>Misi\u00f3n Multinacional<\/strong>&nbsp;de apoyo a la&nbsp;<strong>Seguridad (MS<\/strong>S) de casi mil agentes liderados por&nbsp;<strong>Kenia,<\/strong>&nbsp;hacen frente a las poderosas bandas armadas que han tomado casi todo el territorio de&nbsp;<strong>Puerto Pr\u00edncipe<\/strong>, donde siembran el terror con asesinatos, violaciones y obligan al desplazamiento de miles de personas.<\/p>\n\n\n\n<p>Si bien las bandas siguen desangrando a este pa\u00eds, cientos de sus miembros han sido asesinados durante enfrentamientos con la&nbsp;<strong>PNH<\/strong>&nbsp;y las fuerzas multinacionales de apoyo a la seguridad, o por los drones kamikazes lanzados desde hace varios meses.<\/p>\n\n\n\n<figure class=\"wp-block-image size-large\"><img loading=\"lazy\" decoding=\"async\" width=\"1024\" height=\"683\" src=\"https:\/\/noticierotamaulipeco.info\/wp-content\/uploads\/2025\/08\/image-20-1024x683.png\" alt=\"\" class=\"wp-image-6276\" srcset=\"https:\/\/noticierotamaulipeco.info\/wp-content\/uploads\/2025\/08\/image-20-1024x683.png 1024w, https:\/\/noticierotamaulipeco.info\/wp-content\/uploads\/2025\/08\/image-20-300x200.png 300w, https:\/\/noticierotamaulipeco.info\/wp-content\/uploads\/2025\/08\/image-20-768x512.png 768w, https:\/\/noticierotamaulipeco.info\/wp-content\/uploads\/2025\/08\/image-20-1536x1024.png 1536w, https:\/\/noticierotamaulipeco.info\/wp-content\/uploads\/2025\/08\/image-20.png 1920w\" sizes=\"auto, (max-width: 1024px) 100vw, 1024px\" \/><\/figure>\n","protected":false},"excerpt":{"rendered":"<p>agosto 28, 2025 Cientos de desplazados a causa de la violencia impuesta por las bandas&#8230;<\/p>\n","protected":false},"author":1,"featured_media":6277,"comment_status":"open","ping_status":"open","sticky":false,"template":"","format":"standard","meta":{"footnotes":""},"categories":[5],"tags":[],"class_list":["post-6275","post","type-post","status-publish","format-standard","has-post-thumbnail","hentry","category-internacional"],"_links":{"self":[{"href":"https:\/\/noticierotamaulipeco.info\/index.php?rest_route=\/wp\/v2\/posts\/6275","targetHints":{"allow":["GET"]}}],"collection":[{"href":"https:\/\/noticierotamaulipeco.info\/index.php?rest_route=\/wp\/v2\/posts"}],"about":[{"href":"https:\/\/noticierotamaulipeco.info\/index.php?rest_route=\/wp\/v2\/types\/post"}],"author":[{"embeddable":true,"href":"https:\/\/noticierotamaulipeco.info\/index.php?rest_route=\/wp\/v2\/users\/1"}],"replies":[{"embeddable":true,"href":"https:\/\/noticierotamaulipeco.info\/index.php?rest_route=%2Fwp%2Fv2%2Fcomments&post=6275"}],"version-history":[{"count":1,"href":"https:\/\/noticierotamaulipeco.info\/index.php?rest_route=\/wp\/v2\/posts\/6275\/revisions"}],"predecessor-version":[{"id":6278,"href":"https:\/\/noticierotamaulipeco.info\/index.php?rest_route=\/wp\/v2\/posts\/6275\/revisions\/6278"}],"wp:featuredmedia":[{"embeddable":true,"href":"https:\/\/noticierotamaulipeco.info\/index.php?rest_route=\/wp\/v2\/media\/6277"}],"wp:attachment":[{"href":"https:\/\/noticierotamaulipeco.info\/index.php?rest_route=%2Fwp%2Fv2%2Fmedia&parent=6275"}],"wp:term":[{"taxonomy":"category","embeddable":true,"href":"https:\/\/noticierotamaulipeco.info\/index.php?rest_route=%2Fwp%2Fv2%2Fcategories&post=6275"},{"taxonomy":"post_tag","embeddable":true,"href":"https:\/\/noticierotamaulipeco.info\/index.php?rest_route=%2Fwp%2Fv2%2Ftags&post=6275"}],"curies":[{"name":"wp","href":"https:\/\/api.w.org\/{rel}","templated":true}]}}