{"id":6314,"date":"2025-07-03T16:16:00","date_gmt":"2025-07-03T16:16:00","guid":{"rendered":"https:\/\/noticierotamaulipeco.info\/?p=6314"},"modified":"2025-08-28T16:21:42","modified_gmt":"2025-08-28T16:21:42","slug":"trump-cree-que-su-plan-fiscal-recien-aprobado-va-a-impulsar-a-ee-uu-como-un-cohete","status":"publish","type":"post","link":"https:\/\/noticierotamaulipeco.info\/?p=6314","title":{"rendered":"Trump cree que su plan fiscal reci\u00e9n aprobado va a impulsar a EE.UU. \u201ccomo un cohete\u201d"},"content":{"rendered":"\n<p>julio 3, 2025<\/p>\n\n\n\n<p>El presidente estadounidense,\u00a0Donald Trump, consider\u00f3 este jueves que el<strong>\u00a0plan fiscal<\/strong>\u00a0que \u00e9l ha promovido y que acaba de ser aprobado por el Congreso\u00a0<strong>impulsar\u00e1 a Estados Unidos \u201ccomo un cohete\u201d<\/strong>\u00a0y es el mayor proyecto de ley de este tipo en ser ratificado.<\/p>\n\n\n\n<p>De camino a&nbsp;<strong>Iowa,<\/strong>&nbsp;donde iniciar\u00e1 hoy mismo las conmemoraciones por el 250 aniversario del pa\u00eds, que se cumple en 2026, el l\u00edder republicano presumi\u00f3 de que aportar\u00e1&nbsp;<strong>\u201cel mayor recorte fiscal de la historia\u201d<\/strong>&nbsp;y ser\u00e1 fant\u00e1stico para la frontera con M\u00e9xico.<\/p>\n\n\n\n<blockquote class=\"wp-block-quote is-layout-flow wp-block-quote-is-layout-flow\">\n<p>\u201cEs el mayor proyecto de ley de este tipo\u201d, agreg\u00f3 el mismo d\u00eda en que la C\u00e1mara Baja le dio su aprobaci\u00f3n final por 218 votos a favor y 214 en contra, incluidos los de dos republicanos d\u00edscolos preocupados por su impacto sobre la deuda y sobre la energ\u00eda verde.<\/p>\n<\/blockquote>\n\n\n\n<p>Trump felicit\u00f3 adem\u00e1s a los legisladores por haberlo sacado adelante, tras d\u00edas de presiones para conseguir que dicha normativa pudiera ser promulgada este 4 de julio,<strong>&nbsp;D\u00eda de la Independencia estadounidense.&nbsp;<\/strong><\/p>\n\n\n\n<figure class=\"wp-block-image size-large\"><img loading=\"lazy\" decoding=\"async\" width=\"1024\" height=\"683\" src=\"https:\/\/noticierotamaulipeco.info\/wp-content\/uploads\/2025\/08\/image-31-1024x683.png\" alt=\"\" class=\"wp-image-6315\" srcset=\"https:\/\/noticierotamaulipeco.info\/wp-content\/uploads\/2025\/08\/image-31-1024x683.png 1024w, https:\/\/noticierotamaulipeco.info\/wp-content\/uploads\/2025\/08\/image-31-300x200.png 300w, https:\/\/noticierotamaulipeco.info\/wp-content\/uploads\/2025\/08\/image-31-768x512.png 768w, https:\/\/noticierotamaulipeco.info\/wp-content\/uploads\/2025\/08\/image-31-1536x1024.png 1536w, https:\/\/noticierotamaulipeco.info\/wp-content\/uploads\/2025\/08\/image-31.png 1920w\" sizes=\"auto, (max-width: 1024px) 100vw, 1024px\" \/><\/figure>\n","protected":false},"excerpt":{"rendered":"<p>julio 3, 2025 El presidente estadounidense,\u00a0Donald Trump, consider\u00f3 este jueves que el\u00a0plan fiscal\u00a0que \u00e9l ha&#8230;<\/p>\n","protected":false},"author":1,"featured_media":6315,"comment_status":"open","ping_status":"open","sticky":false,"template":"","format":"standard","meta":{"footnotes":""},"categories":[5],"tags":[],"class_list":["post-6314","post","type-post","status-publish","format-standard","has-post-thumbnail","hentry","category-internacional"],"_links":{"self":[{"href":"https:\/\/noticierotamaulipeco.info\/index.php?rest_route=\/wp\/v2\/posts\/6314","targetHints":{"allow":["GET"]}}],"collection":[{"href":"https:\/\/noticierotamaulipeco.info\/index.php?rest_route=\/wp\/v2\/posts"}],"about":[{"href":"https:\/\/noticierotamaulipeco.info\/index.php?rest_route=\/wp\/v2\/types\/post"}],"author":[{"embeddable":true,"href":"https:\/\/noticierotamaulipeco.info\/index.php?rest_route=\/wp\/v2\/users\/1"}],"replies":[{"embeddable":true,"href":"https:\/\/noticierotamaulipeco.info\/index.php?rest_route=%2Fwp%2Fv2%2Fcomments&post=6314"}],"version-history":[{"count":1,"href":"https:\/\/noticierotamaulipeco.info\/index.php?rest_route=\/wp\/v2\/posts\/6314\/revisions"}],"predecessor-version":[{"id":6316,"href":"https:\/\/noticierotamaulipeco.info\/index.php?rest_route=\/wp\/v2\/posts\/6314\/revisions\/6316"}],"wp:featuredmedia":[{"embeddable":true,"href":"https:\/\/noticierotamaulipeco.info\/index.php?rest_route=\/wp\/v2\/media\/6315"}],"wp:attachment":[{"href":"https:\/\/noticierotamaulipeco.info\/index.php?rest_route=%2Fwp%2Fv2%2Fmedia&parent=6314"}],"wp:term":[{"taxonomy":"category","embeddable":true,"href":"https:\/\/noticierotamaulipeco.info\/index.php?rest_route=%2Fwp%2Fv2%2Fcategories&post=6314"},{"taxonomy":"post_tag","embeddable":true,"href":"https:\/\/noticierotamaulipeco.info\/index.php?rest_route=%2Fwp%2Fv2%2Ftags&post=6314"}],"curies":[{"name":"wp","href":"https:\/\/api.w.org\/{rel}","templated":true}]}}