{"id":6317,"date":"2025-06-30T16:21:00","date_gmt":"2025-06-30T16:21:00","guid":{"rendered":"https:\/\/noticierotamaulipeco.info\/?p=6317"},"modified":"2025-08-28T16:24:05","modified_gmt":"2025-08-28T16:24:05","slug":"cancelan-festejos-por-la-independencia-de-eeuu-en-los-angeles-debido-a-redadas-migratorias","status":"publish","type":"post","link":"https:\/\/noticierotamaulipeco.info\/?p=6317","title":{"rendered":"Cancelan festejos por la Independencia de EEUU en Los \u00c1ngeles debido a redadas migratorias"},"content":{"rendered":"\n<p>junio 30, 2025<\/p>\n\n\n\n<p>Varias\u00a0<strong>ciudades<\/strong>\u00a0del condado de\u00a0<strong>Los \u00c1ngeles<\/strong>\u00a0y sus alrededores han\u00a0<strong>cancelado<\/strong>\u00a0o\u00a0<strong>pospuesto<\/strong>\u00a0sus celebraciones del\u00a0<strong>D\u00eda de la Independencia de EE.UU.<\/strong>\u00a0que se celebra el pr\u00f3ximo viernes 4 de julio en el pa\u00eds debido a las\u00a0<strong>redadas\u00a0migratorias<\/strong>\u00a0que entraron este lunes en su cuarta semana.<\/p>\n\n\n\n<p>Entre los eventos cancelados m\u00e1s destacados se encuentra la Fiesta de la Calle de Verano del Parque Gloria Molina Grand, ubicado frente a la alcald\u00eda de Los \u00c1ngeles.<\/p>\n\n\n\n<p>La celebraci\u00f3n que estaba programada para la tarde del 4 de julio fue cancelada debido a los \u201crecientes acontecimientos\u201d que afectan a la ciudad y parte de la regi\u00f3n, seg\u00fan dijeron los organizadores en las redes sociales.<\/p>\n\n\n\n<p>No se program\u00f3 una nueva fecha del evento que suele reunir a millares de familias que llegan a disfrutar de los fuegos artificiales, en una de las fechas m\u00e1s ic\u00f3nicas del a\u00f1o.<\/p>\n\n\n\n<p>Gobiernos de ciudades eminentemente latinas como Cudahy y Bell Gardens, donde el 97 por ciento y 96% se identifica como hispano, respectivamente, tambi\u00e9n han cancelado las celebraciones por la Independencia.<\/p>\n\n\n\n<p>Los funcionarios municipales indicaron que las cancelaciones se debieron a \u201cuna medida de precauci\u00f3n ante la preocupaci\u00f3n por la seguridad de los residentes debido a las actividades de control migratorio federal\u201d.<\/p>\n\n\n\n<p>As\u00ed mismo, la ciudad de Huntington Park, conocida por ser el hogar de una mayor\u00eda de inmigrantes mexicanos, tambi\u00e9n cancel\u00f3 su celebraci\u00f3n del D\u00eda de la Independencia, prevista para el 3 de julio.<\/p>\n\n\n\n<p>Aunque esta ciudad no dio a conocer los motivos de la cancelaci\u00f3n, el alcalde de Huntington Park, Arturo Flores, ha condenado las redadas migratorias hechas por hombres enmascarados y sin identificar.<\/p>\n\n\n\n<p>El alcalde ha alertado a la comunidad por ciertas acciones que denomin\u00f3 \u201csecuestros enmascarados\u201d y ha ordenado a la polic\u00eda intervenir en operativos sospechosos, lo que llev\u00f3 al arresto de al menos un sospechoso que estaba haci\u00e9ndose pasar por agentes del\u00a0<strong>Servicio de Control de Inmigraci\u00f3n y Aduanas<\/strong>\u00a0(ICE, por siglas en ingl\u00e9s).<\/p>\n\n\n\n<p>\u201cHombres vestidos con equipo t\u00e1ctico, conduciendo veh\u00edculos sin identificaci\u00f3n, sin mostrar credenciales ni afiliaci\u00f3n a ninguna agencia, se han infiltrado en nuestros vecindarios, violando directamente los valores de nuestra comunidad, los derechos civiles y los principios b\u00e1sicos del debido proceso\u201d, indic\u00f3 en un comunicado.<\/p>\n\n\n\n<p>Las redadas masivas de&nbsp;<strong>ICE<\/strong>&nbsp;iniciaron el pasado 6 de junio y se espera que contin\u00faen al menos hasta la pr\u00f3xima semana.<\/p>\n\n\n","protected":false},"excerpt":{"rendered":"<p>junio 30, 2025 Varias\u00a0ciudades\u00a0del condado de\u00a0Los \u00c1ngeles\u00a0y sus alrededores han\u00a0cancelado\u00a0o\u00a0pospuesto\u00a0sus celebraciones del\u00a0D\u00eda de la Independencia&#8230;<\/p>\n","protected":false},"author":1,"featured_media":6319,"comment_status":"open","ping_status":"open","sticky":false,"template":"","format":"standard","meta":{"footnotes":""},"categories":[5],"tags":[],"class_list":["post-6317","post","type-post","status-publish","format-standard","has-post-thumbnail","hentry","category-internacional"],"_links":{"self":[{"href":"https:\/\/noticierotamaulipeco.info\/index.php?rest_route=\/wp\/v2\/posts\/6317","targetHints":{"allow":["GET"]}}],"collection":[{"href":"https:\/\/noticierotamaulipeco.info\/index.php?rest_route=\/wp\/v2\/posts"}],"about":[{"href":"https:\/\/noticierotamaulipeco.info\/index.php?rest_route=\/wp\/v2\/types\/post"}],"author":[{"embeddable":true,"href":"https:\/\/noticierotamaulipeco.info\/index.php?rest_route=\/wp\/v2\/users\/1"}],"replies":[{"embeddable":true,"href":"https:\/\/noticierotamaulipeco.info\/index.php?rest_route=%2Fwp%2Fv2%2Fcomments&post=6317"}],"version-history":[{"count":1,"href":"https:\/\/noticierotamaulipeco.info\/index.php?rest_route=\/wp\/v2\/posts\/6317\/revisions"}],"predecessor-version":[{"id":6320,"href":"https:\/\/noticierotamaulipeco.info\/index.php?rest_route=\/wp\/v2\/posts\/6317\/revisions\/6320"}],"wp:featuredmedia":[{"embeddable":true,"href":"https:\/\/noticierotamaulipeco.info\/index.php?rest_route=\/wp\/v2\/media\/6319"}],"wp:attachment":[{"href":"https:\/\/noticierotamaulipeco.info\/index.php?rest_route=%2Fwp%2Fv2%2Fmedia&parent=6317"}],"wp:term":[{"taxonomy":"category","embeddable":true,"href":"https:\/\/noticierotamaulipeco.info\/index.php?rest_route=%2Fwp%2Fv2%2Fcategories&post=6317"},{"taxonomy":"post_tag","embeddable":true,"href":"https:\/\/noticierotamaulipeco.info\/index.php?rest_route=%2Fwp%2Fv2%2Ftags&post=6317"}],"curies":[{"name":"wp","href":"https:\/\/api.w.org\/{rel}","templated":true}]}}