{"id":6344,"date":"2025-08-14T16:40:23","date_gmt":"2025-08-14T16:40:23","guid":{"rendered":"https:\/\/noticierotamaulipeco.info\/?p=6344"},"modified":"2025-08-28T16:42:26","modified_gmt":"2025-08-28T16:42:26","slug":"maluma-advierte-sobre-ruido-en-sus-conciertos-ante-asistencia-de-ninos","status":"publish","type":"post","link":"https:\/\/noticierotamaulipeco.info\/?p=6344","title":{"rendered":"Maluma advierte sobre ruido en sus conciertos ante asistencia de ni\u00f1os"},"content":{"rendered":"\n<p>agosto 14, 2025<\/p>\n\n\n\n<p><strong>Maluma<\/strong>&nbsp;tom\u00f3 acciones frente al&nbsp;<strong>ruido<\/strong>&nbsp;de sus&nbsp;<strong>conciertos<\/strong>, ante la asistencia de&nbsp;<strong>beb\u00e9s<\/strong>&nbsp;y&nbsp;<strong>ni\u00f1os<\/strong>&nbsp;<strong>peque\u00f1os<\/strong>.<\/p>\n\n\n\n<p>Previo a iniciar su espect\u00e1culo, pantallas aleda\u00f1as al escenario proyectan una&nbsp;<strong>advertencia<\/strong>&nbsp;sobre los&nbsp;<strong>altos niveles de ruido<\/strong>&nbsp;por efectos de video, luces, sonido y pirotecnia.<\/p>\n\n\n\n<blockquote class=\"wp-block-quote is-layout-flow wp-block-quote-is-layout-flow\">\n<p>Si vienen con sus hijos menores de 5 a\u00f1os, por favor prot\u00e9janles sus o\u00eddos con tapones o aud\u00edfonos especiales. \u00a1As\u00ed cuidamos su salud!\u201d, se lee en parte del mensaje.<\/p>\n<\/blockquote>\n\n\n\n<p>En caso de no llevar&nbsp;<strong>protecci\u00f3n auditiva<\/strong>&nbsp;para los menores, el equipo de&nbsp;<strong>Maluma<\/strong>&nbsp;ofrece tapones de manera gratuita.<\/p>\n\n\n\n<blockquote class=\"wp-block-quote is-layout-flow wp-block-quote-is-layout-flow\">\n<p>La m\u00fasica es para disfrutarla sin riesgos\u201d, indica el cantante.<\/p>\n<\/blockquote>\n\n\n\n<h2 class=\"wp-block-heading\">&nbsp;Maluma rega\u00f1a a fan por llevar a beb\u00e9 a su concierto<\/h2>\n\n\n\n<p>La advertencia sobre el&nbsp;<strong>ruido<\/strong>&nbsp;ocurre despu\u00e9s de que&nbsp;<strong>Maluma<\/strong>&nbsp;encarara a una&nbsp;<strong>fan<\/strong>&nbsp;durante uno de sus conciertos en la&nbsp;<strong>Ciudad de M\u00e9xico<\/strong>.<\/p>\n\n\n\n<blockquote class=\"wp-block-quote is-layout-flow wp-block-quote-is-layout-flow\">\n<p>Con todo el respeto, yo ya soy padre: \u00bfusted cree que es una buena idea traer a un beb\u00e9 de un a\u00f1o a un concierto en el que los decibelios est\u00e1n en la puta mierda (muy altos) y el sonido est\u00e1 dur\u00edsimo?\u201d. \u201c\u00bfUsted sabe qu\u00e9 est\u00e1 haciendo aqu\u00ed? La pr\u00f3xima vez prot\u00e9jale los o\u00eddos\u201d, le dijo mientras el p\u00fablico apoyaba con v\u00edtores sus palabras.<\/p>\n<\/blockquote>\n\n\n\n<p>Tambi\u00e9n reproch\u00f3 a la madre el hecho de que estuviera moviendo al peque\u00f1o \u201ccomo si fuera un juguete\u201d.<\/p>\n\n\n\n<blockquote class=\"wp-block-quote is-layout-flow wp-block-quote-is-layout-flow\">\n<p>Ese ni\u00f1o no quiere estar ah\u00ed, de verdad. Se lo digo con todo el cari\u00f1o y con todo el respeto, ya que soy pap\u00e1. Yo a Paris nunca la habr\u00eda tra\u00eddo a un concierto. Para la pr\u00f3xima, sea un poco m\u00e1s consciente, \u00bfvale?\u201d, sentenci\u00f3 el cantante antes de continuar con el concierto.<\/p>\n<\/blockquote>\n\n\n\n<h2 class=\"wp-block-heading\">&nbsp;Pediatras desaconsejan llevar beb\u00e9s y ni\u00f1os peque\u00f1os a conciertos<\/h2>\n\n\n\n<p>Tras el episodio del beb\u00e9 en el concierto de Maluma, la Asociaci\u00f3n Espa\u00f1ola de Pediatr\u00eda (AEP)&nbsp;<strong>desaconsej\u00f3<\/strong>&nbsp;llevar a&nbsp;<strong>ni\u00f1os peque\u00f1os<\/strong>&nbsp;a&nbsp;<strong>eventos<\/strong>&nbsp;<strong>masivos<\/strong>.<\/p>\n\n\n\n<p>Explic\u00f3 que en beb\u00e9s y ni\u00f1os el o\u00eddo es especialmente vulnerable porque sus estructuras auditivas a\u00fan est\u00e1n en desarrollo y carecen de mecanismos de protecci\u00f3n.<\/p>\n\n\n\n<p>Al respecto, la Organizaci\u00f3n Mundial de la Salud (OMS) recomienda que la&nbsp;<strong>poblaci\u00f3n infantil<\/strong>&nbsp;no se exponga a m\u00e1s de<strong>&nbsp;85 decibelios<\/strong>&nbsp;durante m\u00e1s de una hora.<\/p>\n\n\n\n<p>Y es que a partir de 70 decibelios, la exposici\u00f3n prolongada puede causar da\u00f1os.<\/p>\n\n\n\n<p>Los conciertos para adultos alcanzan en promedio los 110 decibelios con picos de 130 decibelios cerca de las bocinas.<\/p>\n\n\n\n<p>Exponer a un&nbsp;<strong>beb\u00e9<\/strong>&nbsp;o ni\u00f1o a estos niveles de&nbsp;<strong>ruido<\/strong>&nbsp;puede causarles un&nbsp;<strong>da\u00f1o irreparable<\/strong>&nbsp;en cuesti\u00f3n de segundos, tales como:<\/p>\n\n\n\n<p>Algunos signos de alerta son:<\/p>\n\n\n\n<ul class=\"wp-block-list\">\n<li>llanto inconsolable o irritabilidad repentina<\/li>\n\n\n\n<li>sobresaltos exagerados o persistentes ante sonidos<\/li>\n\n\n\n<li>parpadeo frecuente o gestos evidentes de incomodidad<\/li>\n\n\n\n<li>apat\u00eda o somnolencia anormal<\/li>\n\n\n\n<li>falta de reacci\u00f3n a sonidos habituales o movimientos repetidos de frotarse los o\u00eddos o tocarse la cabeza.<\/li>\n<\/ul>\n\n\n\n<p>De esta forma, se aconseja que los beb\u00e9s y ni\u00f1os menores de a\u00f1os no asistan a conciertos o festivales de adultos, incluso con protecci\u00f3n auditiva.<\/p>\n\n\n\n<p>Entre los 6 y 12 a\u00f1os pueden asistir a eventos con volumen controlado.<\/p>\n\n\n\n<p>A partir de los 12 a\u00f1os se puede asistir a todo tipo de eventos masivos con altos niveles de ruido, pero se recomienda protecci\u00f3n auditiva y evitar acercarse a las bocinas.<\/p>\n\n\n\n<p>Otro punto importante es que la protecci\u00f3n auditiva para ni\u00f1os debe ser con orejeras espec\u00edficas para su edad, toda vez que con los tapones peque\u00f1os se corre riesgo de atragantamiento.<\/p>\n\n\n\n<figure class=\"wp-block-image size-large\"><img loading=\"lazy\" decoding=\"async\" width=\"1024\" height=\"631\" src=\"https:\/\/noticierotamaulipeco.info\/wp-content\/uploads\/2025\/08\/image-40-1024x631.png\" alt=\"\" class=\"wp-image-6345\" srcset=\"https:\/\/noticierotamaulipeco.info\/wp-content\/uploads\/2025\/08\/image-40-1024x631.png 1024w, https:\/\/noticierotamaulipeco.info\/wp-content\/uploads\/2025\/08\/image-40-300x185.png 300w, https:\/\/noticierotamaulipeco.info\/wp-content\/uploads\/2025\/08\/image-40-768x474.png 768w, https:\/\/noticierotamaulipeco.info\/wp-content\/uploads\/2025\/08\/image-40.png 1200w\" sizes=\"auto, (max-width: 1024px) 100vw, 1024px\" \/><\/figure>\n","protected":false},"excerpt":{"rendered":"<p>agosto 14, 2025 Maluma&nbsp;tom\u00f3 acciones frente al&nbsp;ruido&nbsp;de sus&nbsp;conciertos, ante la asistencia de&nbsp;beb\u00e9s&nbsp;y&nbsp;ni\u00f1os&nbsp;peque\u00f1os. Previo a iniciar&#8230;<\/p>\n","protected":false},"author":1,"featured_media":6346,"comment_status":"open","ping_status":"open","sticky":false,"template":"","format":"standard","meta":{"footnotes":""},"categories":[7],"tags":[],"class_list":["post-6344","post","type-post","status-publish","format-standard","has-post-thumbnail","hentry","category-espectaculos"],"_links":{"self":[{"href":"https:\/\/noticierotamaulipeco.info\/index.php?rest_route=\/wp\/v2\/posts\/6344","targetHints":{"allow":["GET"]}}],"collection":[{"href":"https:\/\/noticierotamaulipeco.info\/index.php?rest_route=\/wp\/v2\/posts"}],"about":[{"href":"https:\/\/noticierotamaulipeco.info\/index.php?rest_route=\/wp\/v2\/types\/post"}],"author":[{"embeddable":true,"href":"https:\/\/noticierotamaulipeco.info\/index.php?rest_route=\/wp\/v2\/users\/1"}],"replies":[{"embeddable":true,"href":"https:\/\/noticierotamaulipeco.info\/index.php?rest_route=%2Fwp%2Fv2%2Fcomments&post=6344"}],"version-history":[{"count":1,"href":"https:\/\/noticierotamaulipeco.info\/index.php?rest_route=\/wp\/v2\/posts\/6344\/revisions"}],"predecessor-version":[{"id":6347,"href":"https:\/\/noticierotamaulipeco.info\/index.php?rest_route=\/wp\/v2\/posts\/6344\/revisions\/6347"}],"wp:featuredmedia":[{"embeddable":true,"href":"https:\/\/noticierotamaulipeco.info\/index.php?rest_route=\/wp\/v2\/media\/6346"}],"wp:attachment":[{"href":"https:\/\/noticierotamaulipeco.info\/index.php?rest_route=%2Fwp%2Fv2%2Fmedia&parent=6344"}],"wp:term":[{"taxonomy":"category","embeddable":true,"href":"https:\/\/noticierotamaulipeco.info\/index.php?rest_route=%2Fwp%2Fv2%2Fcategories&post=6344"},{"taxonomy":"post_tag","embeddable":true,"href":"https:\/\/noticierotamaulipeco.info\/index.php?rest_route=%2Fwp%2Fv2%2Ftags&post=6344"}],"curies":[{"name":"wp","href":"https:\/\/api.w.org\/{rel}","templated":true}]}}