{"id":637,"date":"2023-10-16T14:53:10","date_gmt":"2023-10-16T14:53:10","guid":{"rendered":"https:\/\/noticierotamaulipeco.info\/?p=637"},"modified":"2023-10-30T15:01:32","modified_gmt":"2023-10-30T15:01:32","slug":"mas-de-700-mexicanos-salieron-de-israel-en-aviones-de-la-fuerza-aerea-asegura-amlo","status":"publish","type":"post","link":"https:\/\/noticierotamaulipeco.info\/?p=637","title":{"rendered":"M\u00e1s de 700 mexicanos salieron de Israel en aviones de la Fuerza A\u00e9rea, asegura AMLO"},"content":{"rendered":"\n<p>Los dos vuelos humanitarios, FAM3528 y FAM3527, completaron con \u00e9xito un puente a\u00e9reo entre Tel Aviv y Madrid<\/p>\n\n\n\n<figure class=\"wp-block-image size-large\"><img loading=\"lazy\" decoding=\"async\" width=\"1024\" height=\"576\" src=\"https:\/\/noticierotamaulipeco.info\/wp-content\/uploads\/2023\/10\/fuerza-aerea--1024x576.jpg\" alt=\"\" class=\"wp-image-638\" srcset=\"https:\/\/noticierotamaulipeco.info\/wp-content\/uploads\/2023\/10\/fuerza-aerea--1024x576.jpg 1024w, https:\/\/noticierotamaulipeco.info\/wp-content\/uploads\/2023\/10\/fuerza-aerea--300x169.jpg 300w, https:\/\/noticierotamaulipeco.info\/wp-content\/uploads\/2023\/10\/fuerza-aerea--768x432.jpg 768w, https:\/\/noticierotamaulipeco.info\/wp-content\/uploads\/2023\/10\/fuerza-aerea-.jpg 1280w\" sizes=\"auto, (max-width: 1024px) 100vw, 1024px\" \/><\/figure>\n\n\n\n<p>16 de octubre 2023-. Luego de quedarse atrapados en medio de la\u00a0<strong>guerra\u00a0<\/strong>entre\u00a0<strong>Israel<\/strong>\u00a0y\u00a0<strong>Ham\u00e1s<\/strong>,\u00a0<strong>720 mexicanos<\/strong>\u00a0finalmente salieron de\u00a0<strong>Tel Aviv\u00a0<\/strong>en aviones de la<strong>\u00a0Fuerza A\u00e9rea Mexicana<\/strong>.<\/p>\n\n\n\n<p>Durante la ceremonia de abanderamiento de la delegaci\u00f3n mexicana para los juegos Panamericanos, el&nbsp;<strong>presidente Andr\u00e9s Manuel L\u00f3pez Obrador<\/strong>&nbsp;inform\u00f3 que fueron enviados dos aviones.<\/p>\n\n\n\n<blockquote class=\"wp-block-quote is-layout-flow wp-block-quote-is-layout-flow\">\n<p>\u201cSe tom\u00f3 la decisi\u00f3n de traer a mexicanos y tambi\u00e9n de otras nacionalidades que deseaban protegerse\u201d, se\u00f1al\u00f3 el mandatario.<\/p>\n\n\n\n<p>Asimismo,&nbsp;<strong>L\u00f3pez Obrador<\/strong>&nbsp;mencion\u00f3 que entre los repatriados se encontraba una&nbsp;<strong>gimnasta&nbsp;<\/strong>que hab\u00eda regresado gracias a estas acciones del&nbsp;<strong>Gobierno<\/strong>, ya que estaba participando en competencias en&nbsp;<strong>Israel<\/strong>.<\/p>\n\n\n\n<p>Horas antes de esta declaraci\u00f3n, la\u00a0<strong>Secretar\u00eda de Relaciones Exteriores\u00a0<\/strong>(<strong>SRE<\/strong>) emiti\u00f3 un comunicado indicando que todas las personas que hab\u00edan solicitado salir de\u00a0<strong>Israel\u00a0<\/strong>hasta el pasado fin de semana ya se encontraban fuera de la zona de conflicto.<\/p>\n\n\n\n<p>Los dos vuelos humanitarios,&nbsp;<strong>FAM3528&nbsp;<\/strong>y&nbsp;<strong>FAM3527<\/strong>, completaron con \u00e9xito un puente a\u00e9reo entre&nbsp;<strong>Tel Aviv&nbsp;<\/strong>y&nbsp;<strong>Madrid&nbsp;<\/strong>para trasladar a&nbsp;<strong>158 ciudadanos mexicanos<\/strong>&nbsp;fuera de la zona de conflicto en&nbsp;<strong>Israel-Palestina<\/strong>&nbsp;el domingo.<\/p>\n\n\n\n<p>Adem\u00e1s, estas aeronaves regresaron a&nbsp;<strong>Israel&nbsp;<\/strong>para recoger a otros&nbsp;<strong>275&nbsp;<\/strong>mexicanos que se encontraban en el&nbsp;<strong>Aeropuerto<\/strong>&nbsp;<strong>Internacional Ben Guri\u00f3n&nbsp;<\/strong>en&nbsp;<strong>Tel Aviv<\/strong>. Estos ciudadanos ser\u00edan repatriados a&nbsp;<strong>M\u00e9xico<\/strong>, lo que complementar\u00eda las acciones de repatriaci\u00f3n.<\/p>\n\n\n\n<p>Dichas acciones se sumaron a los&nbsp;<strong>dos vuelos humanitarios<\/strong>&nbsp;que llegaron a M\u00e9xico la semana pasada, transportando a un total de<strong>&nbsp;287 personas<\/strong>.<\/p>\n\n\n\n<p>Previamente el presiente hab\u00eda estimado que alrededor de&nbsp;<strong>mil ciudadanos mexicanos&nbsp;<\/strong>necesitaban asistencia para regresar de&nbsp;<strong>Israel<\/strong>.<\/p>\n\n\n\n<p>El&nbsp;<strong>Gobierno mexicano<\/strong>&nbsp;hab\u00eda establecido un puente a\u00e9reo hacia&nbsp;<strong>Madrid<\/strong>,&nbsp;<strong>Espa\u00f1a<\/strong>, con el objetivo de agilizar la evacuaci\u00f3n de los ciudadanos de la zona de conflicto y llevarlos a uno o dos pa\u00edses seguros, desde donde podr\u00edan emprender su viaje de regreso a&nbsp;<strong>M\u00e9xico<\/strong>.<\/p>\n\n\n\n<p>La&nbsp;<strong>SRE<\/strong>&nbsp;tambi\u00e9n indic\u00f3 que las personas interesadas en los vuelos del puente a\u00e9reo&nbsp;<strong>Tel Aviv-Madrid<\/strong>&nbsp;deb\u00edan registrarse a trav\u00e9s de un nuevo formulario en l\u00ednea.<\/p>\n<\/blockquote>\n","protected":false},"excerpt":{"rendered":"<p>Los dos vuelos humanitarios, FAM3528 y FAM3527, completaron con \u00e9xito un puente a\u00e9reo entre Tel&#8230;<\/p>\n","protected":false},"author":1,"featured_media":638,"comment_status":"open","ping_status":"open","sticky":false,"template":"","format":"standard","meta":{"footnotes":""},"categories":[5,3],"tags":[],"class_list":["post-637","post","type-post","status-publish","format-standard","has-post-thumbnail","hentry","category-internacional","category-mexico"],"_links":{"self":[{"href":"https:\/\/noticierotamaulipeco.info\/index.php?rest_route=\/wp\/v2\/posts\/637","targetHints":{"allow":["GET"]}}],"collection":[{"href":"https:\/\/noticierotamaulipeco.info\/index.php?rest_route=\/wp\/v2\/posts"}],"about":[{"href":"https:\/\/noticierotamaulipeco.info\/index.php?rest_route=\/wp\/v2\/types\/post"}],"author":[{"embeddable":true,"href":"https:\/\/noticierotamaulipeco.info\/index.php?rest_route=\/wp\/v2\/users\/1"}],"replies":[{"embeddable":true,"href":"https:\/\/noticierotamaulipeco.info\/index.php?rest_route=%2Fwp%2Fv2%2Fcomments&post=637"}],"version-history":[{"count":1,"href":"https:\/\/noticierotamaulipeco.info\/index.php?rest_route=\/wp\/v2\/posts\/637\/revisions"}],"predecessor-version":[{"id":639,"href":"https:\/\/noticierotamaulipeco.info\/index.php?rest_route=\/wp\/v2\/posts\/637\/revisions\/639"}],"wp:featuredmedia":[{"embeddable":true,"href":"https:\/\/noticierotamaulipeco.info\/index.php?rest_route=\/wp\/v2\/media\/638"}],"wp:attachment":[{"href":"https:\/\/noticierotamaulipeco.info\/index.php?rest_route=%2Fwp%2Fv2%2Fmedia&parent=637"}],"wp:term":[{"taxonomy":"category","embeddable":true,"href":"https:\/\/noticierotamaulipeco.info\/index.php?rest_route=%2Fwp%2Fv2%2Fcategories&post=637"},{"taxonomy":"post_tag","embeddable":true,"href":"https:\/\/noticierotamaulipeco.info\/index.php?rest_route=%2Fwp%2Fv2%2Ftags&post=637"}],"curies":[{"name":"wp","href":"https:\/\/api.w.org\/{rel}","templated":true}]}}