{"id":6417,"date":"2025-09-01T18:44:28","date_gmt":"2025-09-01T18:44:28","guid":{"rendered":"https:\/\/noticierotamaulipeco.info\/?p=6417"},"modified":"2025-09-02T18:46:49","modified_gmt":"2025-09-02T18:46:49","slug":"venezuela-enfrenta-la-mas-grande-amenaza-del-continente-en-un-siglo-maduro","status":"publish","type":"post","link":"https:\/\/noticierotamaulipeco.info\/?p=6417","title":{"rendered":"Venezuela enfrenta la \u201cm\u00e1s grande amenaza\u201d del continente en un siglo: Maduro"},"content":{"rendered":"\n<p>septiembre 1, 2025<\/p>\n\n\n\n<p>El presidente de&nbsp;<strong>Venezuela<\/strong>,&nbsp;<strong>Nicol\u00e1s Maduro<\/strong>, advirti\u00f3 este lunes que su pa\u00eds enfrenta la que considera la \u201cm\u00e1s grande amenaza que se haya visto\u201d en&nbsp;<strong>Am\u00e9rica<\/strong>&nbsp;\u201cen los \u00faltimos cien a\u00f1os\u201d, con un despliegue de ocho barcos militares por parte de&nbsp;<strong>Estados Unidos<\/strong>&nbsp;con mil 200 misiles y un submarino nuclear que, denunci\u00f3, \u201capuntan\u201d a la naci\u00f3n caribe\u00f1a, que se declarar\u00eda \u201cen&nbsp;<strong>armas<\/strong>\u201d si \u201c<strong>fuera agredida<\/strong>\u201c.<\/p>\n\n\n\n<p>Se trata, dijo, de \u201cuna&nbsp;<strong>amenaza extravagante<\/strong>, injustificable, inmoral y absolutamente criminal\u201d como parte de \u201clo que llaman la m\u00e1xima presi\u00f3n\u201d para provocar un&nbsp;<strong>cambio pol\u00edtico<\/strong>, detr\u00e1s de lo que, insisti\u00f3, est\u00e1 el secretario de Estado estadounidense,&nbsp;<strong>Marco Rubio<\/strong>, a quien llam\u00f3 \u201cel se\u00f1or de la guerra\u201d, y lo acus\u00f3 de querer manchar las manos del mandatario&nbsp;<strong>Donald Trump<\/strong>&nbsp;con \u201csangre venezolana\u201d y de la regi\u00f3n.<\/p>\n\n\n\n<p>Durante una\u00a0conferencia de prensa, asegur\u00f3 que eso \u201cser\u00eda una\u00a0<strong>guerra completa en todo el continente<\/strong>\u201c, aunque expres\u00f3 que su\u00a0<strong>par estadounidense<\/strong>, a quien describi\u00f3 como \u201cun hombre inteligente y audaz, sabr\u00e1 qu\u00e9 hace\u201d.<\/p>\n\n\n\n<p>\u201cYo no tengo&nbsp;<strong>ninguna animadversi\u00f3n<\/strong>&nbsp;con el presidente&nbsp;<strong>Trump<\/strong>, hemos tenido y tenemos visiones muy diferentes del mundo, creo que solo coincidimos en una opini\u00f3n que \u00e9l tiene, (\u2026) que \u00e9l quiere la paz para el mundo, es lo que \u00e9l quiere dejar como legado. Si \u00e9l quiere dejar eso como legado, en Venezuela nosotros somos su \u00fanico aliado\u201d, afirm\u00f3.<\/p>\n\n\n\n<h2 class=\"wp-block-heading\">Defensa<\/h2>\n\n\n\n<p><strong>Maduro<\/strong>&nbsp;advirti\u00f3 que, ante \u201cla&nbsp;<strong>m\u00e1xima presi\u00f3n militar<\/strong>\u201d por parte de EE.UU.,&nbsp;<strong>Venezuela<\/strong>&nbsp;ha declarado \u201cla m\u00e1xima preparaci\u00f3n\u201d para su defensa.<\/p>\n\n\n\n<p>Seg\u00fan el gobernante, la naci\u00f3n suramericana tiene una estrategia \u201ceminentemente defensiva\u201d que se ha dise\u00f1ado \u201cdurante veinte a\u00f1os\u201d y que incluye \u201cdos formas de lucha\u201d, una diplom\u00e1tica y otra armada.<\/p>\n\n\n\n<p>\u201cNosotros estamos en un periodo especial de preparaci\u00f3n y en cualquier circunstancia vamos a garantizar el funcionamiento del pa\u00eds, nos toque o no nos toque\u201d, declar\u00f3 el jefe de Estado, quien indic\u00f3 que unos 8,2 millones de personas \u201cest\u00e1n alistadas para defender\u201d al territorio.<\/p>\n\n\n\n<p>Entretanto, espera que el secretario general de la ONU, Ant\u00f3nio Guterres, a quien pidi\u00f3 la semana pasada apoyo en una carta \u201cmuy clara y muy contundente\u201d, y \u201clos organismos de Naciones Unidas reaccionen a tiempo\u201d.<\/p>\n\n\n\n<h2 class=\"wp-block-heading\">Di\u00e1logos \u201cmaltrechos\u201d<\/h2>\n\n\n\n<p>El l\u00edder del chavismo, a quien&nbsp;<strong>Washington<\/strong>&nbsp;no considera un presidente leg\u00edtimo y acusa de \u201cviolar las leyes de Estados Unidos sobre narc\u00f3ticos\u201d, sostuvo que las autoridades del pa\u00eds norteamericano \u201cse equivocan creando\u201d la que calific\u00f3 como una \u201cnarrativa bien, pero bien absurda\u201d sobre un combate contra el narcotr\u00e1fico para justificar el env\u00edo de \u201cbuques de guerra\u201d.<\/p>\n\n\n\n<p>En este contexto, Maduro se\u00f1al\u00f3 que los dos canales de comunicaci\u00f3n que su pa\u00eds tiene con EE.UU. -uno con el encargado de Negocios interino de la llamada Oficina Externa de los EE.UU. para Venezuela, John McNamara, y otro con Richard Grenell, enviado especial de Trump- est\u00e1n hoy \u201cmalogrados\u201d y \u201cmaltrechos\u201d.<\/p>\n\n\n\n<p>Sin embargo, aclar\u00f3 que Venezuela seguir\u00e1 \u201crecuperando\u201d a sus migrantes, entre ellos, los expulsados por EE.UU., as\u00ed como a los m\u00e1s de setenta ni\u00f1os de su pa\u00eds que, denunci\u00f3, contin\u00faan \u201csecuestrados\u201d por el Servicio de Control de Inmigraci\u00f3n y Aduanas estadounidense (ICE, en ingl\u00e9s), al que Caracas acusa de separar a los menores de sus padres deportados.<\/p>\n\n\n\n<h2 class=\"wp-block-heading\">Drogas<\/h2>\n\n\n\n<p>Maduro se\u00f1al\u00f3 como \u201c<strong>operador del secuestro<\/strong>\u201d a&nbsp;<strong>Rubio<\/strong>, de quien, adem\u00e1s, advirti\u00f3 que \u201cnada bueno\u201d se puede esperar en su visita prevista a partir de este martes a&nbsp;<strong>M\u00e9xico<\/strong>&nbsp;y&nbsp;<strong>Ecuador<\/strong>.<\/p>\n\n\n\n<p>Asimismo, afirm\u00f3 que el Gobierno del presidente ecuatoriano, Daniel Noboa, que -se\u00f1al\u00f3- \u201cimpusieron con un fraude\u201d, env\u00eda \u201cel 60 % de la coca\u00edna que se produce en Colombia\u201d a EE.UU.<\/p>\n\n\n\n<p>\u201c\u00c9l debe saber que ese presidente&nbsp;<strong>Daniel Noboa<\/strong>&nbsp;que \u00e9l va a ver, trabaja con la mafia albanesa y es jefe de la mafia de tr\u00e1fico de droga\u201d, asever\u00f3 Maduro, quien dijo que las \u201cempresas familiares\u201d del mandatario ecuatoriano \u201cmandan la coca\u00edna a Estados Unidos y Europa\u201d.<\/p>\n\n\n\n<p>El&nbsp;<strong>chavista ofreci\u00f3 a Trump<\/strong>, as\u00ed como a los Gobiernos latinoamericanos, la experiencia que, indic\u00f3, tiene Venezuela en la lucha contra el narcotr\u00e1fico \u201csi de verdad se quisiera enfrentar ese problema\u201d, que, consider\u00f3, es uno de los \u201cmuchos otros que tiene el continente\u201d.<\/p>\n\n\n\n<h2 class=\"wp-block-heading\">Un modelo \u201crobusto\u201d<\/h2>\n\n\n\n<p>Pese a todo, el jefe de Estado asegur\u00f3 que el modelo econ\u00f3mico de su pa\u00eds \u201cest\u00e1 robusto, s\u00f3lido y avanzando\u201d, con una producci\u00f3n petrolera que, \u201ccon licencias o sin licencias, va muy bien\u201d, y una proyecci\u00f3n de crecimiento para este a\u00f1o de \u201cnueve puntos\u201d.<\/p>\n\n\n\n<p>Igualmente, sentenci\u00f3 que las empresas energ\u00e9ticas de Europa que \u201cno necesitan licencias\u201d de EE.UU. para operar en el pa\u00eds caribe\u00f1o.<\/p>\n\n\n\n<p>\u201c\u00bfHasta cu\u00e1ndo Europa se va a subordinar a lo que manden en Washington? Aqu\u00ed ustedes son libres, vengan a producir, sigamos produciendo con licencias o sin licencias\u201d, agreg\u00f3.<\/p>\n\n\n\n<figure class=\"wp-block-image size-large\"><img loading=\"lazy\" decoding=\"async\" width=\"1024\" height=\"683\" src=\"https:\/\/noticierotamaulipeco.info\/wp-content\/uploads\/2025\/09\/image-1-1024x683.png\" alt=\"\" class=\"wp-image-6418\" srcset=\"https:\/\/noticierotamaulipeco.info\/wp-content\/uploads\/2025\/09\/image-1-1024x683.png 1024w, https:\/\/noticierotamaulipeco.info\/wp-content\/uploads\/2025\/09\/image-1-300x200.png 300w, https:\/\/noticierotamaulipeco.info\/wp-content\/uploads\/2025\/09\/image-1-768x512.png 768w, https:\/\/noticierotamaulipeco.info\/wp-content\/uploads\/2025\/09\/image-1.png 1200w\" sizes=\"auto, (max-width: 1024px) 100vw, 1024px\" \/><\/figure>\n","protected":false},"excerpt":{"rendered":"<p>septiembre 1, 2025 El presidente de&nbsp;Venezuela,&nbsp;Nicol\u00e1s Maduro, advirti\u00f3 este lunes que su pa\u00eds enfrenta la&#8230;<\/p>\n","protected":false},"author":1,"featured_media":6419,"comment_status":"open","ping_status":"open","sticky":false,"template":"","format":"standard","meta":{"footnotes":""},"categories":[5],"tags":[],"class_list":["post-6417","post","type-post","status-publish","format-standard","has-post-thumbnail","hentry","category-internacional"],"_links":{"self":[{"href":"https:\/\/noticierotamaulipeco.info\/index.php?rest_route=\/wp\/v2\/posts\/6417","targetHints":{"allow":["GET"]}}],"collection":[{"href":"https:\/\/noticierotamaulipeco.info\/index.php?rest_route=\/wp\/v2\/posts"}],"about":[{"href":"https:\/\/noticierotamaulipeco.info\/index.php?rest_route=\/wp\/v2\/types\/post"}],"author":[{"embeddable":true,"href":"https:\/\/noticierotamaulipeco.info\/index.php?rest_route=\/wp\/v2\/users\/1"}],"replies":[{"embeddable":true,"href":"https:\/\/noticierotamaulipeco.info\/index.php?rest_route=%2Fwp%2Fv2%2Fcomments&post=6417"}],"version-history":[{"count":1,"href":"https:\/\/noticierotamaulipeco.info\/index.php?rest_route=\/wp\/v2\/posts\/6417\/revisions"}],"predecessor-version":[{"id":6420,"href":"https:\/\/noticierotamaulipeco.info\/index.php?rest_route=\/wp\/v2\/posts\/6417\/revisions\/6420"}],"wp:featuredmedia":[{"embeddable":true,"href":"https:\/\/noticierotamaulipeco.info\/index.php?rest_route=\/wp\/v2\/media\/6419"}],"wp:attachment":[{"href":"https:\/\/noticierotamaulipeco.info\/index.php?rest_route=%2Fwp%2Fv2%2Fmedia&parent=6417"}],"wp:term":[{"taxonomy":"category","embeddable":true,"href":"https:\/\/noticierotamaulipeco.info\/index.php?rest_route=%2Fwp%2Fv2%2Fcategories&post=6417"},{"taxonomy":"post_tag","embeddable":true,"href":"https:\/\/noticierotamaulipeco.info\/index.php?rest_route=%2Fwp%2Fv2%2Ftags&post=6417"}],"curies":[{"name":"wp","href":"https:\/\/api.w.org\/{rel}","templated":true}]}}