{"id":646,"date":"2023-10-23T15:11:23","date_gmt":"2023-10-23T15:11:23","guid":{"rendered":"https:\/\/noticierotamaulipeco.info\/?p=646"},"modified":"2023-10-30T15:14:38","modified_gmt":"2023-10-30T15:14:38","slug":"hamas-libera-a-dos-rehenes-mas-por-razones-humanitarias","status":"publish","type":"post","link":"https:\/\/noticierotamaulipeco.info\/?p=646","title":{"rendered":"Ham\u00e1s libera a dos rehenes m\u00e1s \u201cpor razones humanitarias\u201d"},"content":{"rendered":"\n<p>Ham\u00e1s no precis\u00f3 la nacionalidad de las dos rehenes, aunque dej\u00f3 entrever que se trata de dos israel\u00edes<\/p>\n\n\n\n<figure class=\"wp-block-image size-large\"><img loading=\"lazy\" decoding=\"async\" width=\"1024\" height=\"538\" src=\"https:\/\/noticierotamaulipeco.info\/wp-content\/uploads\/2023\/10\/hamas_israel_rehenes-1024x538.jpg\" alt=\"\" class=\"wp-image-647\" srcset=\"https:\/\/noticierotamaulipeco.info\/wp-content\/uploads\/2023\/10\/hamas_israel_rehenes-1024x538.jpg 1024w, https:\/\/noticierotamaulipeco.info\/wp-content\/uploads\/2023\/10\/hamas_israel_rehenes-300x158.jpg 300w, https:\/\/noticierotamaulipeco.info\/wp-content\/uploads\/2023\/10\/hamas_israel_rehenes-768x403.jpg 768w, https:\/\/noticierotamaulipeco.info\/wp-content\/uploads\/2023\/10\/hamas_israel_rehenes.jpg 1200w\" sizes=\"auto, (max-width: 1024px) 100vw, 1024px\" \/><\/figure>\n\n\n\n<p>23 de octubre  2023-. <\/p>\n\n\n\n<p>GAZA, Territorios Palestinos.- El movimiento islamista palestino Ham\u00e1s afirm\u00f3 el lunes que liber\u00f3 a dos mujeres secuestradas durante su ataque en territorio palestino el 7 de octubre, y que estaban retenidas desde entonces en la Franja de Gaza, bajo su control.<\/p>\n\n\n\n<p>El portavoz del brazo militar de Ham\u00e1s, Abu Obeida, afirm\u00f3 en un comunicado que las dos rehenes fueron liberadas \u201cpor razones humanitarias apremiantes\u201d gracias a la mediaci\u00f3n de Catar y Egipto.<\/p>\n\n\n\n<p>De momento, la liberaci\u00f3n, que se produjo tres d\u00edas despu\u00e9s de la de dos estadounidenses, no fue confirmada por las autoridades israel\u00edes.<\/p>\n\n\n\n<p>Ham\u00e1s no precis\u00f3 la nacionalidad de las dos rehenes, aunque dej\u00f3 entrever que se trata de dos israel\u00edes, al acusar a Israel de haber rechazado en un primer momento su liberaci\u00f3n.<\/p>\n\n\n\n<p>El movimiento islamista acus\u00f3 a Israel de haber \u201cviolado en ocho ocasiones los acuerdos sobre la operaci\u00f3n de liberaci\u00f3n que hab\u00edan sido convenidos con los mediadores para que esta se realizase con \u00e9xito\u201d.<\/p>\n\n\n\n<p>Seg\u00fan las autoridades israel\u00edes, m\u00e1s de 220 personas israel\u00edes, extranjeras y con doble nacionalidad fueron llevadas a la fuerza al enclave palestino por combatientes de Ham\u00e1s durante un ataque en territorio israel\u00ed el 7 de octubre, que desencaden\u00f3 una guerra en la que Israel ha bombardeado de forma incesante la Franja de Gaza, con el objetivo de \u201caniquilar\u201d al movimiento islamista.<\/p>\n\n\n\n<figure class=\"wp-block-image\"><img decoding=\"async\" src=\"https:\/\/cdn.noticiasenlamira.com\/2023\/10\/biden-pide-al-congreso-105-mil-millones-de-dolares-para-ucrania-israel-y-frontera-con-mexico.jpg\" alt=\"Biden pide al Congreso 105 mil mdd para Ucrania, Israel y frontera con M\u00e9xico\"\/><\/figure>\n\n\n\n<h4 class=\"wp-block-heading\"><\/h4>\n","protected":false},"excerpt":{"rendered":"<p>Ham\u00e1s no precis\u00f3 la nacionalidad de las dos rehenes, aunque dej\u00f3 entrever que se trata&#8230;<\/p>\n","protected":false},"author":1,"featured_media":647,"comment_status":"open","ping_status":"open","sticky":false,"template":"","format":"standard","meta":{"footnotes":""},"categories":[5],"tags":[],"class_list":["post-646","post","type-post","status-publish","format-standard","has-post-thumbnail","hentry","category-internacional"],"_links":{"self":[{"href":"https:\/\/noticierotamaulipeco.info\/index.php?rest_route=\/wp\/v2\/posts\/646","targetHints":{"allow":["GET"]}}],"collection":[{"href":"https:\/\/noticierotamaulipeco.info\/index.php?rest_route=\/wp\/v2\/posts"}],"about":[{"href":"https:\/\/noticierotamaulipeco.info\/index.php?rest_route=\/wp\/v2\/types\/post"}],"author":[{"embeddable":true,"href":"https:\/\/noticierotamaulipeco.info\/index.php?rest_route=\/wp\/v2\/users\/1"}],"replies":[{"embeddable":true,"href":"https:\/\/noticierotamaulipeco.info\/index.php?rest_route=%2Fwp%2Fv2%2Fcomments&post=646"}],"version-history":[{"count":1,"href":"https:\/\/noticierotamaulipeco.info\/index.php?rest_route=\/wp\/v2\/posts\/646\/revisions"}],"predecessor-version":[{"id":648,"href":"https:\/\/noticierotamaulipeco.info\/index.php?rest_route=\/wp\/v2\/posts\/646\/revisions\/648"}],"wp:featuredmedia":[{"embeddable":true,"href":"https:\/\/noticierotamaulipeco.info\/index.php?rest_route=\/wp\/v2\/media\/647"}],"wp:attachment":[{"href":"https:\/\/noticierotamaulipeco.info\/index.php?rest_route=%2Fwp%2Fv2%2Fmedia&parent=646"}],"wp:term":[{"taxonomy":"category","embeddable":true,"href":"https:\/\/noticierotamaulipeco.info\/index.php?rest_route=%2Fwp%2Fv2%2Fcategories&post=646"},{"taxonomy":"post_tag","embeddable":true,"href":"https:\/\/noticierotamaulipeco.info\/index.php?rest_route=%2Fwp%2Fv2%2Ftags&post=646"}],"curies":[{"name":"wp","href":"https:\/\/api.w.org\/{rel}","templated":true}]}}