{"id":652,"date":"2023-10-09T15:19:35","date_gmt":"2023-10-09T15:19:35","guid":{"rendered":"https:\/\/noticierotamaulipeco.info\/?p=652"},"modified":"2023-10-30T15:22:02","modified_gmt":"2023-10-30T15:22:02","slug":"el-festival-de-musica-en-israel-que-termino-en-una-masacre","status":"publish","type":"post","link":"https:\/\/noticierotamaulipeco.info\/?p=652","title":{"rendered":"El festival de m\u00fasica en Israel que termin\u00f3 en una masacre"},"content":{"rendered":"\n<p>El grupo islamista secuestr\u00f3 alrededor de 150 personas<\/p>\n\n\n\n<figure class=\"wp-block-image size-large\"><img loading=\"lazy\" decoding=\"async\" width=\"1024\" height=\"576\" src=\"https:\/\/noticierotamaulipeco.info\/wp-content\/uploads\/2023\/10\/festival-musica-Israel-1024x576.jpg\" alt=\"\" class=\"wp-image-653\" srcset=\"https:\/\/noticierotamaulipeco.info\/wp-content\/uploads\/2023\/10\/festival-musica-Israel-1024x576.jpg 1024w, https:\/\/noticierotamaulipeco.info\/wp-content\/uploads\/2023\/10\/festival-musica-Israel-300x169.jpg 300w, https:\/\/noticierotamaulipeco.info\/wp-content\/uploads\/2023\/10\/festival-musica-Israel-768x432.jpg 768w, https:\/\/noticierotamaulipeco.info\/wp-content\/uploads\/2023\/10\/festival-musica-Israel.jpg 1280w\" sizes=\"auto, (max-width: 1024px) 100vw, 1024px\" \/><\/figure>\n\n\n\n<p>9 de octubre 2023-. <strong>Or Akiva, Indefinido.<\/strong>\u00a0Miles de j\u00f3venes, israel\u00edes y extranjeros, bailaban hasta el amanecer el s\u00e1bado en el sur de Israel, cerca de la Franja de Gaza, cuando los comandos del grupo islamista palestino Ham\u00e1s los sorprendieron y\u00a0<strong>mataron a tiros a 250 personas.<\/strong><\/p>\n\n\n\n<p>Los voluntarios llamados a recuperar cuerpos recordaron el lunes, en estado de shock, el&nbsp;<strong>macabro paisaje<\/strong>&nbsp;que qued\u00f3 tras el ataque.<\/p>\n\n\n\n<p>\u201c<em>Masacraron a la gente a sangre fr\u00eda, de una forma absolutamente inconcebible<\/em>\u201c, cont\u00f3 Moti Bukjin, portavoz de Zaka, una organizaci\u00f3n especializada en primeros auxilios y en&nbsp;<strong>recuperar e identificar cuerpos<\/strong>&nbsp;seg\u00fan las leyes jud\u00edas.<\/p>\n\n\n\n<blockquote class=\"wp-block-quote is-layout-flow wp-block-quote-is-layout-flow\">\n<p>\u201cLlegaron a matar a gente que estaba en sus autom\u00f3viles\u201d, explic\u00f3 a la AFP.<\/p>\n<\/blockquote>\n\n\n\n<p>Los j\u00f3venes&nbsp;<strong>estaban reunidos cerca del kibutz de Reim,&nbsp;<\/strong>una regi\u00f3n alejada del sur de Israel, cerca de la frontera con la Franja de Gaza.<\/p>\n\n\n\n<p>La fiesta se convirti\u00f3 en drama cuando un millar de combatientes de Ham\u00e1s lanzaron una in\u00e9dita ofensiva contra Israel el s\u00e1bado por la ma\u00f1ana, infiltr\u00e1ndose en el territorio por medio de veh\u00edculos, embarcaciones e incluso parapentes.<\/p>\n\n\n\n<p>En un video muy difundido en redes sociales se ve algunos de estos parapentes\u00a0<strong>sobrevolando el festival.<\/strong>\u00a0En otros videos que la AFP no pudo verificar, aparecen varios j\u00f3venes huyendo hacia sus veh\u00edculos entre los disparos.<\/p>\n\n\n\n<p>Muchos asistentes murieron y otros fueron&nbsp;<strong>tomados como rehenes.<\/strong><\/p>\n\n\n\n<blockquote class=\"wp-block-quote is-layout-flow wp-block-quote-is-layout-flow\">\n<p>\u201cEn la zona donde tuvo lugar el festival de m\u00fasica, y en la fiesta misma\u201d hab\u00eda \u201cunos 200-250 cuerpos\u201d, estim\u00f3 Moti Bukjin.<\/p>\n<\/blockquote>\n\n\n\n<h2 class=\"wp-block-heading\" id=\"h-escondido-entre-arbustos\">Escondido entre arbustos<\/h2>\n\n\n\n<p>Uno de los supervivientes, Ephraim Mordechayev, de 23 a\u00f1os, cont\u00f3 que estaba en&nbsp;<strong>uno de los momentos \u201cm\u00e1s felices\u201d<\/strong>&nbsp;de su vida cuando se produjo el horror.<\/p>\n\n\n\n<p>Cuando se dio cuenta de que el sistema israel\u00ed de defensa a\u00e9rea estaba interceptando cohetes, no entendi\u00f3 del todo \u201cel alcance\u201d de lo que ocurr\u00eda, cont\u00f3 a la AFP en la ciudad de Or Akiva, donde vive.<\/p>\n\n\n\n<p>Muchos de los asistentes estaban recogiendo sus veh\u00edculos y dirigi\u00e9ndose a la salida cuando oy\u00f3 las&nbsp;<strong>primeras r\u00e1fagas de disparos.<\/strong><\/p>\n\n\n\n<p>\u201c<em>Me di la vuelta y vi que en el coche atr\u00e1s de mi hab\u00eda tres cuerpos y todas las ventanas estaban acribilladas<\/em>\u201c, cont\u00f3, con la pulsera del festival a\u00fan en su mu\u00f1eca.<\/p>\n\n\n\n<p>Cuando vio a las milicias disparando desde paramotores, Mordechayev&nbsp;<strong>sali\u00f3 de su coche y corri\u00f3 por su vida.<\/strong><\/p>\n\n\n\n<p>Durante un largo momento,&nbsp;<strong>se escondi\u00f3 entre arbustos.<\/strong>&nbsp;Hasta que un coche se detuvo y lo recogi\u00f3 antes de acelerar en direcci\u00f3n a una base militar.<\/p>\n\n\n\n<h2 class=\"wp-block-heading\" id=\"h-caos-caos-total\">\u201cCaos, caos total\u201d<\/h2>\n\n\n\n<p>Un video difundido en redes sociales muestra a una mujer de 25 a\u00f1os, identificada como&nbsp;<strong>Noa Argamani<\/strong>, pidiendo ayuda desde la parte trasera de una moto,&nbsp;<strong>mientras era secuestrada.<\/strong><\/p>\n\n\n\n<p>El grupo islamista&nbsp;<strong>secuestr\u00f3 alrededor de 150 personas<\/strong>, seg\u00fan el gobierno israel\u00ed, y se los llev\u00f3 a la fuerza a Gaza, donde algunos tuvieron que desfilar ante multitudes enardecidas.<\/p>\n\n\n\n<p>Ahuva Mayzel supo por \u00faltima vez de su hija Adi, de 21 a\u00f1os, una hora despu\u00e9s del amanecer.<\/p>\n\n\n\n<p>\u201c<em>Fue nuestra \u00faltima llamada, o\u00edmos mucho ruido, disparos y bombardeos. Caos, caos total<\/em>\u201c, cont\u00f3 a los periodistas desde su casa en Karnei Shomron, un asentamiento israel\u00ed en Cisjordania ocupada.<\/p>\n\n\n\n<p>\u201c<em>Nos sentimos impotentes, completamente impotentes como padres<\/em>\u201c, dijo. \u201c<em>Esto es realmente inimaginable. Tantas v\u00edctimas, tantos muertos, tantos desaparecidos<\/em>\u201c, lament\u00f3.<\/p>\n\n\n\n<h2 class=\"wp-block-heading\" id=\"h-no-dispararon-al-azar\">\u201cNo dispararon al azar\u201d<\/h2>\n\n\n\n<p>\u201c<em>Soy voluntario en Zaka desde hace 28 a\u00f1os y despu\u00e9s de la cat\u00e1strofe de Mer\u00f3n (una avalancha mort\u00edfera durante una peregrinaci\u00f3n jud\u00eda en el norte de Israel) y sus 45 muertos pensaba haber tocado fondo<\/em>\u201c, dijo Bukjin en una conversaci\u00f3n telef\u00f3nica, antes de volver a las zonas del sur de Israel golpeadas por milicianos de Ham\u00e1s infiltrados.<\/p>\n\n\n\n<blockquote class=\"wp-block-quote is-layout-flow wp-block-quote-is-layout-flow\">\n<p>\u201cPensaba que era el fin del mundo, pero claramente, las cosas pueden ser peores, claramente peores\u201d, agreg\u00f3, con voz temblorosa.<\/p>\n<\/blockquote>\n\n\n\n<p>En las im\u00e1genes a\u00e9reas obtenidas por la AFP se ve\u00edan decenas de autom\u00f3viles quemados al lado de la carretera que llevaba al lugar del festival.<\/p>\n\n\n\n<p>El voluntario tambi\u00e9n cont\u00f3 que todos los cuerpos que recuper\u00f3 eran de personas que recibieron disparos, rematadas por los atacantes con un tiro en la cabeza o incendiando sus veh\u00edculos.<\/p>\n\n\n\n<p>\u201c<em>Lo impactante es que confirmaron que las personas a las que dispararon estaban muertas. Tuvieron mucho tiempo hasta que llegaron las fuerzas de seguridad. Algunos de los coches los quemaron con gente dentro<\/em>\u201c, afirm\u00f3.<\/p>\n\n\n\n<blockquote class=\"wp-block-quote is-layout-flow wp-block-quote-is-layout-flow\">\n<p>\u201cEn algunos vimos (\u2026) una bala en la cabeza, una bala en la barbilla. No dispararon balas al azar esperando que dieran en el blanco\u201d, agreg\u00f3.<\/p>\n<\/blockquote>\n\n\n\n<p>Aquellos que intentaron huir a pie tambi\u00e9n fueron abatidos. \u201c<em>Algunos de los cuerpos estaban en zanjas, les dispararon cuando intentaban huir y cayeron<\/em>\u201c, indic\u00f3.<\/p>\n\n\n\n<p>El lunes, el ej\u00e9rcito israel\u00ed anunci\u00f3 haber retomado el \u201ccontrol\u201d de localidades atacadas del sur de Israel. Zaka podr\u00e1 por tanto comenzar a recuperar los cuerpos de las v\u00edctimas en esos lugares, entre ellos ancianos, ni\u00f1os y beb\u00e9s.<\/p>\n","protected":false},"excerpt":{"rendered":"<p>El grupo islamista secuestr\u00f3 alrededor de 150 personas 9 de octubre 2023-. Or Akiva, Indefinido.\u00a0Miles&#8230;<\/p>\n","protected":false},"author":1,"featured_media":653,"comment_status":"open","ping_status":"open","sticky":false,"template":"","format":"standard","meta":{"footnotes":""},"categories":[3],"tags":[],"class_list":["post-652","post","type-post","status-publish","format-standard","has-post-thumbnail","hentry","category-mexico"],"_links":{"self":[{"href":"https:\/\/noticierotamaulipeco.info\/index.php?rest_route=\/wp\/v2\/posts\/652","targetHints":{"allow":["GET"]}}],"collection":[{"href":"https:\/\/noticierotamaulipeco.info\/index.php?rest_route=\/wp\/v2\/posts"}],"about":[{"href":"https:\/\/noticierotamaulipeco.info\/index.php?rest_route=\/wp\/v2\/types\/post"}],"author":[{"embeddable":true,"href":"https:\/\/noticierotamaulipeco.info\/index.php?rest_route=\/wp\/v2\/users\/1"}],"replies":[{"embeddable":true,"href":"https:\/\/noticierotamaulipeco.info\/index.php?rest_route=%2Fwp%2Fv2%2Fcomments&post=652"}],"version-history":[{"count":1,"href":"https:\/\/noticierotamaulipeco.info\/index.php?rest_route=\/wp\/v2\/posts\/652\/revisions"}],"predecessor-version":[{"id":654,"href":"https:\/\/noticierotamaulipeco.info\/index.php?rest_route=\/wp\/v2\/posts\/652\/revisions\/654"}],"wp:featuredmedia":[{"embeddable":true,"href":"https:\/\/noticierotamaulipeco.info\/index.php?rest_route=\/wp\/v2\/media\/653"}],"wp:attachment":[{"href":"https:\/\/noticierotamaulipeco.info\/index.php?rest_route=%2Fwp%2Fv2%2Fmedia&parent=652"}],"wp:term":[{"taxonomy":"category","embeddable":true,"href":"https:\/\/noticierotamaulipeco.info\/index.php?rest_route=%2Fwp%2Fv2%2Fcategories&post=652"},{"taxonomy":"post_tag","embeddable":true,"href":"https:\/\/noticierotamaulipeco.info\/index.php?rest_route=%2Fwp%2Fv2%2Ftags&post=652"}],"curies":[{"name":"wp","href":"https:\/\/api.w.org\/{rel}","templated":true}]}}