{"id":655,"date":"2023-10-04T15:22:39","date_gmt":"2023-10-04T15:22:39","guid":{"rendered":"https:\/\/noticierotamaulipeco.info\/?p=655"},"modified":"2023-10-30T15:25:49","modified_gmt":"2023-10-30T15:25:49","slug":"derrumbe-de-edificio-en-la-habana-deja-dos-muertos","status":"publish","type":"post","link":"https:\/\/noticierotamaulipeco.info\/?p=655","title":{"rendered":"Derrumbe de edificio en La Habana deja dos muertos"},"content":{"rendered":"\n<p>En el inmueble ubicado en La Habana Vieja viv\u00edan 55 personas<\/p>\n\n\n\n<figure class=\"wp-block-image size-large\"><img loading=\"lazy\" decoding=\"async\" width=\"1024\" height=\"576\" src=\"https:\/\/noticierotamaulipeco.info\/wp-content\/uploads\/2023\/10\/derrumbe-La-Habana-1-1024x576.jpg\" alt=\"\" class=\"wp-image-656\" srcset=\"https:\/\/noticierotamaulipeco.info\/wp-content\/uploads\/2023\/10\/derrumbe-La-Habana-1-1024x576.jpg 1024w, https:\/\/noticierotamaulipeco.info\/wp-content\/uploads\/2023\/10\/derrumbe-La-Habana-1-300x169.jpg 300w, https:\/\/noticierotamaulipeco.info\/wp-content\/uploads\/2023\/10\/derrumbe-La-Habana-1-768x432.jpg 768w, https:\/\/noticierotamaulipeco.info\/wp-content\/uploads\/2023\/10\/derrumbe-La-Habana-1.jpg 1280w\" sizes=\"auto, (max-width: 1024px) 100vw, 1024px\" \/><\/figure>\n\n\n\n<p>4 de octubre 2023-, <strong>La Habana, Cuba.<\/strong>\u00a0Dos bomberos murieron y otra persona continuaba desaparecida tras el derrumbe de un edificio de apartamentos donde\u00a0<strong>viv\u00edan unas 50 personas<\/strong>\u00a0en La Habana, anunciaron el mi\u00e9rcoles los servicios de emergencia y autoridades cubanas.<\/p>\n\n\n\n<p>Una bombera de 40 a\u00f1os, que acudi\u00f3 al lugar tras un primer derrumbe, muri\u00f3 durante las operaciones de rescate en&nbsp;<strong>un segundo desplome<\/strong>, explic\u00f3 a periodistas el jefe de ese cuerpo, primer coronel Luis Carlos Guzm\u00e1n.<\/p>\n\n\n\n<p>Al mediod\u00eda, el cuerpo sin vida de otro bombero de 23 a\u00f1os fue extra\u00eddo de los escombros del inmueble, del que solo qued\u00f3 la fachada, inform\u00f3 en un comunicado el Ministerio del Interior (Minint), cuyas fuerzas continuaban la b\u00fasqueda de un vecino del edificio de 79 a\u00f1os,&nbsp;<strong>dado por desaparecido<\/strong>.<\/p>\n\n\n\n<p>Dos personas resultaron heridas y&nbsp;<strong>fueron trasladadas al hospital<\/strong>, pero sus vidas no corren peligro, a\u00f1adi\u00f3 el Minint.<\/p>\n\n\n\n<blockquote class=\"wp-block-quote is-layout-flow wp-block-quote-is-layout-flow\">\n<p>Cuando la \u201cobra\u201d de la Revoluci\u00f3n se desploma sobre nuestras cabezas. Ocurri\u00f3 anoche. Se reportan v\u00edctimas mortales en este edificio familiar que colaps\u00f3 en La Habana.&nbsp;<a href=\"https:\/\/twitter.com\/hashtag\/NoticiaEnDesarrollo?src=hash&amp;ref_src=twsrc%5Etfw\">#NoticiaEnDesarrollo<\/a>&nbsp;<a href=\"https:\/\/t.co\/lhH0JT8eHT\">pic.twitter.com\/lhH0JT8eHT<\/a>\u2014 Yusnaby P\u00e9rez (@Yusnaby)&nbsp;<a href=\"https:\/\/twitter.com\/Yusnaby\/status\/1709666975582937362?ref_src=twsrc%5Etfw\">October 4, 2023<\/a><\/p>\n<\/blockquote>\n\n\n\n<p>\u201c<em>Alrededor de las 11:00 de la noche del martes 3 de octubre (03H00 GMT del mi\u00e9rcoles), tras el derrumbe ocurrido en un edificio ubicado (\u2026) en La Habana Vieja, un equipo de la Unidad de Salvamento y Rescate se present\u00f3 en el sitio<\/em>\u201c, inform\u00f3 el diario oficial Granma<\/p>\n\n\n\n<p>Cinco camiones y una gr\u00faa fueron enviados al lugar, constat\u00f3 un periodista de la AFP.<\/p>\n\n\n\n<p>En el edificio viv\u00eda un total de 55 personas, seg\u00fan Arnelis de la Candelaria Hern\u00e1ndez, funcionaria de la Direcci\u00f3n de Vivienda de La Habana Vieja. \u201cEs un edificio viejo, pero no est\u00e1 apuntalado. Esto nos sorprendi\u00f3\u201d, coment\u00f3.<\/p>\n\n\n\n<p>Debido a la falta de mantenimiento, los edificios se derrumban peri\u00f3dicamente en algunos barrios antiguos de la capital cubana. Estos derrumbes son m\u00e1s numerosos durante la temporada de lluvias y huracanes, de junio a noviembre.<\/p>\n\n\n\n<p>La capital cubana ha experimentado fuertes lluvias en los \u00faltimos d\u00edas.<\/p>\n\n\n\n<p>Seg\u00fan las \u00faltimas cifras oficiales disponibles, el 37% de los 3,9 millones de viviendas del pa\u00eds se encontraban en malas o muy malas condiciones a finales de 2020.<\/p>\n\n\n\n<p>Ese a\u00f1o, la ca\u00edda de un balc\u00f3n de un edificio del casco antiguo provoc\u00f3 la muerte de tres ni\u00f1as, en un hecho que conmovi\u00f3 al pa\u00eds.<\/p>\n","protected":false},"excerpt":{"rendered":"<p>En el inmueble ubicado en La Habana Vieja viv\u00edan 55 personas 4 de octubre 2023-,&#8230;<\/p>\n","protected":false},"author":1,"featured_media":656,"comment_status":"open","ping_status":"open","sticky":false,"template":"","format":"standard","meta":{"footnotes":""},"categories":[5],"tags":[],"class_list":["post-655","post","type-post","status-publish","format-standard","has-post-thumbnail","hentry","category-internacional"],"_links":{"self":[{"href":"https:\/\/noticierotamaulipeco.info\/index.php?rest_route=\/wp\/v2\/posts\/655","targetHints":{"allow":["GET"]}}],"collection":[{"href":"https:\/\/noticierotamaulipeco.info\/index.php?rest_route=\/wp\/v2\/posts"}],"about":[{"href":"https:\/\/noticierotamaulipeco.info\/index.php?rest_route=\/wp\/v2\/types\/post"}],"author":[{"embeddable":true,"href":"https:\/\/noticierotamaulipeco.info\/index.php?rest_route=\/wp\/v2\/users\/1"}],"replies":[{"embeddable":true,"href":"https:\/\/noticierotamaulipeco.info\/index.php?rest_route=%2Fwp%2Fv2%2Fcomments&post=655"}],"version-history":[{"count":1,"href":"https:\/\/noticierotamaulipeco.info\/index.php?rest_route=\/wp\/v2\/posts\/655\/revisions"}],"predecessor-version":[{"id":657,"href":"https:\/\/noticierotamaulipeco.info\/index.php?rest_route=\/wp\/v2\/posts\/655\/revisions\/657"}],"wp:featuredmedia":[{"embeddable":true,"href":"https:\/\/noticierotamaulipeco.info\/index.php?rest_route=\/wp\/v2\/media\/656"}],"wp:attachment":[{"href":"https:\/\/noticierotamaulipeco.info\/index.php?rest_route=%2Fwp%2Fv2%2Fmedia&parent=655"}],"wp:term":[{"taxonomy":"category","embeddable":true,"href":"https:\/\/noticierotamaulipeco.info\/index.php?rest_route=%2Fwp%2Fv2%2Fcategories&post=655"},{"taxonomy":"post_tag","embeddable":true,"href":"https:\/\/noticierotamaulipeco.info\/index.php?rest_route=%2Fwp%2Fv2%2Ftags&post=655"}],"curies":[{"name":"wp","href":"https:\/\/api.w.org\/{rel}","templated":true}]}}