{"id":658,"date":"2023-10-29T15:28:24","date_gmt":"2023-10-29T15:28:24","guid":{"rendered":"https:\/\/noticierotamaulipeco.info\/?p=658"},"modified":"2023-10-30T16:20:29","modified_gmt":"2023-10-30T16:20:29","slug":"658","status":"publish","type":"post","link":"https:\/\/noticierotamaulipeco.info\/?p=658","title":{"rendered":"Refuerza la UAT su participaci\u00f3n en el desarrollo agropecuario"},"content":{"rendered":"\n<figure class=\"wp-block-image size-large\"><img loading=\"lazy\" decoding=\"async\" width=\"1024\" height=\"653\" src=\"https:\/\/noticierotamaulipeco.info\/wp-content\/uploads\/2023\/10\/1-14-1024x653.jpg\" alt=\"\" class=\"wp-image-659\" srcset=\"https:\/\/noticierotamaulipeco.info\/wp-content\/uploads\/2023\/10\/1-14-1024x653.jpg 1024w, https:\/\/noticierotamaulipeco.info\/wp-content\/uploads\/2023\/10\/1-14-300x191.jpg 300w, https:\/\/noticierotamaulipeco.info\/wp-content\/uploads\/2023\/10\/1-14-768x490.jpg 768w, https:\/\/noticierotamaulipeco.info\/wp-content\/uploads\/2023\/10\/1-14.jpg 1280w\" sizes=\"auto, (max-width: 1024px) 100vw, 1024px\" \/><\/figure>\n\n\n\n<p>Ciudad Victoria, Tam.; 29 de octubre de 2023.<br>Refuerza la UAT su participaci\u00f3n en el desarrollo agropecuario<br>Mediante la firma de un convenio de colaboraci\u00f3n, la Universidad Aut\u00f3noma de<br>Tamaulipas (UAT) y la Secretar\u00eda de Agricultura y Desarrollo Rural (SADER)<br>establecieron el compromiso de trabajar en conjunto para fortalecer la formaci\u00f3n<br>de estudiantes e impulsar la investigaci\u00f3n en beneficio del campo tamaulipeco.<br>El rector C.P. Guillermo Mendoza Cavazos, presidi\u00f3 la firma del acuerdo<br>con el Ing. Guadalupe Acevedo Gonz\u00e1lez, titular de la oficina de representaci\u00f3n de<br>la SADER en Tamaulipas, en ceremonia efectuada en el Centro de Gesti\u00f3n del<br>Conocimiento del Campus Victoria.<br>En su mensaje, el rector Guillermo Mendoza dijo que la colaboraci\u00f3n<br>permitir\u00e1 a los estudiantes de la UAT hacer su servicio social y sus pr\u00e1cticas<br>profesionales en alguna de las dependencias o programas de la SADER.<br>Se\u00f1al\u00f3 que para la universidad es muy importante involucrar a los<br>estudiantes con los sectores productivos, con el prop\u00f3sito de que conozcan los<br>procesos de trabajo y se alleguen conocimientos que refuercen la educaci\u00f3n que<br>reciben en las aulas.<br>A\u00f1adi\u00f3 que, por ello, la UAT reform\u00f3 su Modelo Educativo a fin de dotar de<br>m\u00e1s herramientas a los j\u00f3venes que les permitan estar m\u00e1s preparados para<br>competir en los mercados laborales actuales.<br>Asimismo, puso a disposici\u00f3n de la SADER el conocimiento que generan<br>los investigadores de la UAT a trav\u00e9s de diversos proyectos, al igual que la<br>trasferencia de tecnolog\u00eda al sector agrario del estado.<br>Por su parte el Ing. Guadalupe Acevedo Gonz\u00e1lez, agradeci\u00f3 a la UAT por<br>reafirmar esta colaboraci\u00f3n y participar en los proyectos que buscan resolver los<br>problemas del campo tamaulipeco.<\/p>\n","protected":false},"excerpt":{"rendered":"<p>Ciudad Victoria, Tam.; 29 de octubre de 2023.Refuerza la UAT su participaci\u00f3n en el desarrollo&#8230;<\/p>\n","protected":false},"author":1,"featured_media":659,"comment_status":"open","ping_status":"open","sticky":false,"template":"","format":"standard","meta":{"footnotes":""},"categories":[4],"tags":[],"class_list":["post-658","post","type-post","status-publish","format-standard","has-post-thumbnail","hentry","category-educacion"],"_links":{"self":[{"href":"https:\/\/noticierotamaulipeco.info\/index.php?rest_route=\/wp\/v2\/posts\/658","targetHints":{"allow":["GET"]}}],"collection":[{"href":"https:\/\/noticierotamaulipeco.info\/index.php?rest_route=\/wp\/v2\/posts"}],"about":[{"href":"https:\/\/noticierotamaulipeco.info\/index.php?rest_route=\/wp\/v2\/types\/post"}],"author":[{"embeddable":true,"href":"https:\/\/noticierotamaulipeco.info\/index.php?rest_route=\/wp\/v2\/users\/1"}],"replies":[{"embeddable":true,"href":"https:\/\/noticierotamaulipeco.info\/index.php?rest_route=%2Fwp%2Fv2%2Fcomments&post=658"}],"version-history":[{"count":2,"href":"https:\/\/noticierotamaulipeco.info\/index.php?rest_route=\/wp\/v2\/posts\/658\/revisions"}],"predecessor-version":[{"id":694,"href":"https:\/\/noticierotamaulipeco.info\/index.php?rest_route=\/wp\/v2\/posts\/658\/revisions\/694"}],"wp:featuredmedia":[{"embeddable":true,"href":"https:\/\/noticierotamaulipeco.info\/index.php?rest_route=\/wp\/v2\/media\/659"}],"wp:attachment":[{"href":"https:\/\/noticierotamaulipeco.info\/index.php?rest_route=%2Fwp%2Fv2%2Fmedia&parent=658"}],"wp:term":[{"taxonomy":"category","embeddable":true,"href":"https:\/\/noticierotamaulipeco.info\/index.php?rest_route=%2Fwp%2Fv2%2Fcategories&post=658"},{"taxonomy":"post_tag","embeddable":true,"href":"https:\/\/noticierotamaulipeco.info\/index.php?rest_route=%2Fwp%2Fv2%2Ftags&post=658"}],"curies":[{"name":"wp","href":"https:\/\/api.w.org\/{rel}","templated":true}]}}