{"id":6633,"date":"2025-09-07T16:58:20","date_gmt":"2025-09-07T16:58:20","guid":{"rendered":"https:\/\/noticierotamaulipeco.info\/?p=6633"},"modified":"2025-10-15T18:12:39","modified_gmt":"2025-10-15T18:12:39","slug":"protestan-en-puerto-rico-contra-las-maniobras-militares-de-ee-uu","status":"publish","type":"post","link":"https:\/\/noticierotamaulipeco.info\/?p=6633","title":{"rendered":"Protestan en Puerto Rico contra las maniobras militares de EE.UU."},"content":{"rendered":"\n<p>septiembre 07, 2025<\/p>\n\n\n\n<p>Cientos de personas se manifestaron este domingo frente a la base a\u00e9rea Mu\u00f1iz en rechazo a las maniobras del&nbsp;<strong>Ej\u00e9rcito de Estados Unidos<\/strong>&nbsp;en&nbsp;<strong>Puerto Rico<\/strong>&nbsp;y a una posible reactivaci\u00f3n de las antiguas bases militares de la isla, en el marco de las tensiones en el&nbsp;<strong>Caribe<\/strong>&nbsp;con&nbsp;<strong>Venezuela<\/strong>.<\/p>\n\n\n\n<p>Convocados por la organizaci\u00f3n&nbsp;<strong>Madres contra la Guerra<\/strong>, los manifestantes gritaron lemas como \u2018Puerto Rico sin milicia,&nbsp;<strong>queremos justicia<\/strong>\u2018 y \u2018por la paz vamos todos a luchar\u2019, al tiempo que pintaron en el suelo con tiza \u2018<strong>fuera yanquis<\/strong>\u2018 y \u2018<strong>Trump asesino<\/strong>\u2018.<\/p>\n\n\n\n<p>Sonia Santiago, portavoz de&nbsp;<strong>Madres contra la Guerra<\/strong>, dijo a EFE que&nbsp;<strong>Puerto Rico<\/strong>&nbsp;es \u201cun pueblo ocupado, un pueblo invadido\u2019 por EE.UU. y que est\u00e1n en contra de la existencia en la isla de bases militares estadounidenses.<\/p>\n\n\n\n<blockquote class=\"wp-block-quote is-layout-flow wp-block-quote-is-layout-flow\">\n<p>Ahora, desde nuestra&nbsp;<strong>gran naci\u00f3n caribe\u00f1a y latinoamericana<\/strong>, (EE.UU.) quiere invadir a&nbsp;<strong>Venezuela<\/strong>, eso me huele a lo que le ocurri\u00f3 a&nbsp;<strong>Irak<\/strong>\u201c, lament\u00f3&nbsp;<strong>Santiago<\/strong>, madre de un veterano de Irak que est\u00e1 enfermo f\u00edsica y mentalmente.<\/p>\n<\/blockquote>\n\n\n\n<p>La portavoz de&nbsp;<strong>Madres contra la Guerra<\/strong>&nbsp;denunci\u00f3 que<strong>&nbsp;EE.UU.<\/strong>&nbsp;quiere el petr\u00f3leo de&nbsp;<strong>Venezuela<\/strong>: \u201cSe han buscado este embuste del narcotr\u00e1fico para ocupar&nbsp;<strong>Venezuela<\/strong>&nbsp;y robarle sus recursos\u201d, subray\u00f3.<\/p>\n\n\n\n<p>El piquete coincide con las maniobras de las&nbsp;<strong>Fuerzas Armadas<\/strong>&nbsp;estadounidenses, que incluyen desembarcos anfibios y operaciones de vuelo, y con el anuncio de que Washington desplegar\u00e1 diez aviones de combate F-35 a una base a\u00e9rea de&nbsp;<strong>Puerto Rico<\/strong>.<\/p>\n\n\n\n<p>Otras frases coreadas hicieron directa referencia a la presencia militar estadounidense durante d\u00e9cadas en la isla, entre ellas \u2018dile no, dile no, a las bases dile no\u2019 y \u2018ejercicios militares da\u00f1an vidas y los mares\u2019.<\/p>\n\n\n\n<p>La Marina de Estados Unidos utiliz\u00f3 Vieques y parte de Culebra como campo de tiro hasta mayo de 2003 y, a d\u00eda de hoy, la limpieza de los restos de munici\u00f3n sin detonar en ambas islas a\u00fan no ha finalizado.<\/p>\n\n\n\n<p>Hace dos d\u00edas, la gobernadora de&nbsp;<strong>Puerto Rico<\/strong>,&nbsp;<strong>Jenniffer Gonz\u00e1lez<\/strong>, expres\u00f3 su respaldo a las maniobras en la isla y confirm\u00f3 que recibi\u00f3 notificaci\u00f3n y acuerdos de colaboraci\u00f3n para el uso de las facilidades a\u00e9reas de las bases de Roosevelt Roads y Aguadilla.<\/p>\n\n\n\n<blockquote class=\"wp-block-quote is-layout-flow wp-block-quote-is-layout-flow\">\n<p>Los c\u00e1rteles y el r\u00e9gimen narcoterrorista de Venezuela han inundado nuestras comunidades con drogas peligrosas, alimentando la delincuencia violenta en nuestras calles\u201d, escribi\u00f3 en una publicaci\u00f3n en redes sociales, aludiendo al supuesto objetivo de lucha contra el narcotr\u00e1fico del despliegue militar en el mar Caribe.<\/p>\n<\/blockquote>\n\n\n\n<p>Las declaraciones de la gobernadora llegaron despu\u00e9s de que el&nbsp;<strong>Partido Independentista Puertorrique\u00f1o<\/strong>&nbsp;(<strong>PIP<\/strong>) exigiera la cancelaci\u00f3n \u201cinmediata\u201d de cualquier plan de EE. UU. para \u201cremilitarizar\u201d a&nbsp;<strong>Puerto Rico<\/strong>, y presentara una resoluci\u00f3n para que la Legislatura haga esta solicitud al presidente Donald Trump y al Congreso estadounidense.<\/p>\n\n\n\n<p>El estatus pol\u00edtico de&nbsp;<strong>Puerto Rico<\/strong>&nbsp;como&nbsp;<strong>Estado Libre Asociado a EE.UU.<\/strong>, establecido en 1952, otorga al archipi\u00e9lago cierto grado de autonom\u00eda y un Gobierno y Parlamento locales, pero deja bajo el control de Washington \u00e1reas como defensa, fronteras y relaciones diplom\u00e1ticas.<\/p>\n","protected":false},"excerpt":{"rendered":"<p>septiembre 07, 2025 Cientos de personas se manifestaron este domingo frente a la base a\u00e9rea&#8230;<\/p>\n","protected":false},"author":1,"featured_media":6634,"comment_status":"open","ping_status":"open","sticky":false,"template":"","format":"standard","meta":{"footnotes":""},"categories":[5],"tags":[],"class_list":["post-6633","post","type-post","status-publish","format-standard","has-post-thumbnail","hentry","category-internacional"],"_links":{"self":[{"href":"https:\/\/noticierotamaulipeco.info\/index.php?rest_route=\/wp\/v2\/posts\/6633","targetHints":{"allow":["GET"]}}],"collection":[{"href":"https:\/\/noticierotamaulipeco.info\/index.php?rest_route=\/wp\/v2\/posts"}],"about":[{"href":"https:\/\/noticierotamaulipeco.info\/index.php?rest_route=\/wp\/v2\/types\/post"}],"author":[{"embeddable":true,"href":"https:\/\/noticierotamaulipeco.info\/index.php?rest_route=\/wp\/v2\/users\/1"}],"replies":[{"embeddable":true,"href":"https:\/\/noticierotamaulipeco.info\/index.php?rest_route=%2Fwp%2Fv2%2Fcomments&post=6633"}],"version-history":[{"count":1,"href":"https:\/\/noticierotamaulipeco.info\/index.php?rest_route=\/wp\/v2\/posts\/6633\/revisions"}],"predecessor-version":[{"id":6635,"href":"https:\/\/noticierotamaulipeco.info\/index.php?rest_route=\/wp\/v2\/posts\/6633\/revisions\/6635"}],"wp:featuredmedia":[{"embeddable":true,"href":"https:\/\/noticierotamaulipeco.info\/index.php?rest_route=\/wp\/v2\/media\/6634"}],"wp:attachment":[{"href":"https:\/\/noticierotamaulipeco.info\/index.php?rest_route=%2Fwp%2Fv2%2Fmedia&parent=6633"}],"wp:term":[{"taxonomy":"category","embeddable":true,"href":"https:\/\/noticierotamaulipeco.info\/index.php?rest_route=%2Fwp%2Fv2%2Fcategories&post=6633"},{"taxonomy":"post_tag","embeddable":true,"href":"https:\/\/noticierotamaulipeco.info\/index.php?rest_route=%2Fwp%2Fv2%2Ftags&post=6633"}],"curies":[{"name":"wp","href":"https:\/\/api.w.org\/{rel}","templated":true}]}}