{"id":6636,"date":"2025-09-13T18:12:40","date_gmt":"2025-09-13T18:12:40","guid":{"rendered":"https:\/\/noticierotamaulipeco.info\/?p=6636"},"modified":"2025-10-15T18:17:19","modified_gmt":"2025-10-15T18:17:19","slug":"el-papa-recibe-las-credenciales-del-nuevo-embajador-de-trump-ante-el-vaticano","status":"publish","type":"post","link":"https:\/\/noticierotamaulipeco.info\/?p=6636","title":{"rendered":"El papa recibe las credenciales del nuevo embajador de Trump ante el Vaticano"},"content":{"rendered":"\n<p>septiembre 13, 2025<\/p>\n\n\n\n<p>El<strong>\u00a0papa Le\u00f3n XIV<\/strong>\u00a0ha recibido este s\u00e1bado las cartas credenciales del nuevo embajador de Estados Unidos designado por el presidente\u00a0<strong>Donald Trump, Brian Francis Burch<\/strong>, seg\u00fan ha confirmado la\u00a0<strong>Santa Sede<\/strong>\u00a0en un comunicado.<\/p>\n\n\n\n<p>El acto tuvo lugar en el&nbsp;<strong>Palacio Apost\u00f3lico<\/strong>&nbsp;e implica el inicio de la misi\u00f3n de&nbsp;<strong>Burch<\/strong>&nbsp;ante el&nbsp;<strong>Vaticano,<\/strong>&nbsp;cuatro meses despu\u00e9s de la elecci\u00f3n del primer papa estadounidense de la historia.<\/p>\n\n\n\n<p><strong>Burch<\/strong>&nbsp;era el l\u00edder del grupo de defensa pol\u00edtica conservador \u2018<strong>CatholicVote<\/strong>\u2018 y fue designado por&nbsp;<strong>Trump<\/strong>&nbsp;el 20 de diciembre de 2024, poco despu\u00e9s de ganar las elecciones para regresar a la&nbsp;<strong>Casa Blanca<\/strong>.<\/p>\n\n\n\n<p>El republicano, por entonces todav\u00eda presidente electo, consider\u00f3 a&nbsp;<strong>Burch<\/strong>&nbsp;como \u201cun cat\u00f3lico devoto y padre de nueve hijos\u201d que, dijo, \u201cha demostrado un liderazgo excepcional ayudando a construir uno de los grupos de defensa cat\u00f3lica m\u00e1s grandes del pa\u00eds\u201d.<\/p>\n\n\n\n<blockquote class=\"wp-block-quote is-layout-flow wp-block-quote-is-layout-flow\">\n<p>\u201cMe represent\u00f3 bien durante las \u00faltimas elecciones, obteniendo m\u00e1s votos cat\u00f3licos que cualquier candidato presidencial en la historia\u201d, manifest\u00f3 Trump en 2024, cuando Washington y Vaticano alcanzaron 40 a\u00f1os de relaciones diplom\u00e1ticas.<\/p>\n<\/blockquote>\n\n\n\n<p><strong>El Vaticano<\/strong>&nbsp;es un importante centro de la diplomacia mundial y sigue con atenci\u00f3n las cuestiones clave de la pol\u00edtica internacional, entre estos conflictos actuales como la guerra en&nbsp;<strong>Ucrania<\/strong>&nbsp;o en&nbsp;<strong>Oriente Medio<\/strong>&nbsp;y en otras zonas.<\/p>\n\n\n\n<p>Tanto es as\u00ed que el pasado 26 de abril facilit\u00f3 un encuentro ins\u00f3lito durante el funeral del&nbsp;<strong>papa Francisco<\/strong>&nbsp;entre&nbsp;<strong>Trump<\/strong>&nbsp;y el presidente de Ucrania,&nbsp;<strong>Volod\u00edmir Zelenski<\/strong>, tras las desavenencias surgidas entre ambos.<\/p>\n\n\n\n<p><strong>Le\u00f3n XIV<\/strong>&nbsp;ha recibido en los \u00faltimos meses a varios l\u00edderes, como el presidente ucraniano, y ha mantenido una conversaci\u00f3n telef\u00f3nica con el de Rusia,&nbsp;<strong>Vlad\u00edmir Putin<\/strong>, reclam\u00e1ndole \u201cun gesto que favorezca la paz\u201d en Ucrania.<\/p>\n\n\n\n<p>Tambi\u00e9n se ha reunido en el&nbsp;<strong>Vaticano<\/strong>&nbsp;con el presidente israel\u00ed&nbsp;<strong>Isaac Herzog<\/strong>&nbsp;en plena guerra de&nbsp;<strong>Gaza.<\/strong><\/p>\n","protected":false},"excerpt":{"rendered":"<p>septiembre 13, 2025 El\u00a0papa Le\u00f3n XIV\u00a0ha recibido este s\u00e1bado las cartas credenciales del nuevo embajador&#8230;<\/p>\n","protected":false},"author":1,"featured_media":6637,"comment_status":"open","ping_status":"open","sticky":false,"template":"","format":"standard","meta":{"footnotes":""},"categories":[5],"tags":[],"class_list":["post-6636","post","type-post","status-publish","format-standard","has-post-thumbnail","hentry","category-internacional"],"_links":{"self":[{"href":"https:\/\/noticierotamaulipeco.info\/index.php?rest_route=\/wp\/v2\/posts\/6636","targetHints":{"allow":["GET"]}}],"collection":[{"href":"https:\/\/noticierotamaulipeco.info\/index.php?rest_route=\/wp\/v2\/posts"}],"about":[{"href":"https:\/\/noticierotamaulipeco.info\/index.php?rest_route=\/wp\/v2\/types\/post"}],"author":[{"embeddable":true,"href":"https:\/\/noticierotamaulipeco.info\/index.php?rest_route=\/wp\/v2\/users\/1"}],"replies":[{"embeddable":true,"href":"https:\/\/noticierotamaulipeco.info\/index.php?rest_route=%2Fwp%2Fv2%2Fcomments&post=6636"}],"version-history":[{"count":1,"href":"https:\/\/noticierotamaulipeco.info\/index.php?rest_route=\/wp\/v2\/posts\/6636\/revisions"}],"predecessor-version":[{"id":6638,"href":"https:\/\/noticierotamaulipeco.info\/index.php?rest_route=\/wp\/v2\/posts\/6636\/revisions\/6638"}],"wp:featuredmedia":[{"embeddable":true,"href":"https:\/\/noticierotamaulipeco.info\/index.php?rest_route=\/wp\/v2\/media\/6637"}],"wp:attachment":[{"href":"https:\/\/noticierotamaulipeco.info\/index.php?rest_route=%2Fwp%2Fv2%2Fmedia&parent=6636"}],"wp:term":[{"taxonomy":"category","embeddable":true,"href":"https:\/\/noticierotamaulipeco.info\/index.php?rest_route=%2Fwp%2Fv2%2Fcategories&post=6636"},{"taxonomy":"post_tag","embeddable":true,"href":"https:\/\/noticierotamaulipeco.info\/index.php?rest_route=%2Fwp%2Fv2%2Ftags&post=6636"}],"curies":[{"name":"wp","href":"https:\/\/api.w.org\/{rel}","templated":true}]}}