{"id":6642,"date":"2025-09-25T18:19:45","date_gmt":"2025-09-25T18:19:45","guid":{"rendered":"https:\/\/noticierotamaulipeco.info\/?p=6642"},"modified":"2025-10-15T18:23:26","modified_gmt":"2025-10-15T18:23:26","slug":"milei-alaba-a-trump-y-promete-crecimiento-irreversible-en-argentina-tras-los-comicios","status":"publish","type":"post","link":"https:\/\/noticierotamaulipeco.info\/?p=6642","title":{"rendered":"Milei alaba a Trump y promete crecimiento \u201cirreversible\u201d en Argentina tras los comicios"},"content":{"rendered":"\n<p>septiembre 25, 2025<\/p>\n\n\n\n<p>El presidente argentino,&nbsp;<strong>Javier Milei,<\/strong>&nbsp;alab\u00f3 este mi\u00e9rcoles en&nbsp;<strong>Nueva York<\/strong>&nbsp;a su hom\u00f3logo estadounidense,&nbsp;<strong>Donald Trump<\/strong>, a quien llam\u00f3 \u201camigo\u201d e \u201cinspiraci\u00f3n\u201d, y prometi\u00f3 un crecimiento \u201cirreversible\u201d en&nbsp;<strong>Argentina<\/strong>&nbsp;tras los \u201ccentrales\u201d comicios legislativos de octubre.<\/p>\n\n\n\n<p><strong>Milei<\/strong>&nbsp;fue uno de los tres galardonados esta noche con el premio&nbsp;<strong>Ciudadano Global 2025 (Global Citizen)<\/strong>&nbsp;del&nbsp;<strong>Atlantic Council<\/strong>, junto al presidente franc\u00e9s,&nbsp;<strong>Emmanuel Macron<\/strong>, y el presidente de la FIFA,&nbsp;<strong>Gianni Infantino<\/strong>, en una ceremonia en la sala&nbsp;<strong>Ziegfeld Ballroom de Manhattan<\/strong>.<\/p>\n\n\n\n<p>El mandatario argentino recibi\u00f3 el premio de manos del secretario del Tesoro de EE.UU.,&nbsp;<strong>Scott Bessent<\/strong>, quien lo calific\u00f3 de \u201cl\u00edder visionario\u201d y aplaudi\u00f3 sus \u201cesfuerzos incansables para hacer Argentina grande nuevamente\u201d, un lema que imita al que de&nbsp;<strong>Trump,<\/strong>&nbsp;y que&nbsp;<strong>Milei<\/strong>&nbsp;se apropi\u00f3.<\/p>\n\n\n\n<blockquote class=\"wp-block-quote is-layout-flow wp-block-quote-is-layout-flow\">\n<p>\u201cQuiero agradecer especialmente al presidente Donald Trump y al secretario Scott Bessent por haberle dado un espaldarazo de apoyo a la Argentina en un momento de alta incertidumbre\u201d, comenz\u00f3 su discurso el argentino, que resalt\u00f3 la \u201calianza estrat\u00e9gica\u201d entre las dos naciones.<\/p>\n<\/blockquote>\n\n\n\n<p><strong>Milei<\/strong>&nbsp;reivindic\u00f3 que su Gobierno est\u00e1 siguiendo un plan de \u201cnormalizaci\u00f3n\u201d eco\u201cn\u00f3mica en \u201c<strong>a\u00f1o electoral<\/strong>\u201d y en \u201ccontra de los manuales de ortodoxia pol\u00edtica\u201d, reconociendo que ha aplicado \u201cmedidas antip\u00e1ticas en apariencia, pero fundamentales\u201d, dijo, para devolver al pa\u00eds al crecimiento.<\/p>\n\n\n\n<p>Fue entonces cuando el argentino defendi\u00f3 que est\u00e1 \u201caplicando ideas que sirvieron a otros pa\u00edses\u201d, poniendo \u201clo correcto\u201d frente a lo \u201cc\u00f3modo\u201d, y asegur\u00f3 que es algo que su \u201camigo&nbsp;<strong>Donald Trump<\/strong>&nbsp;tiene m\u00e1s claro que nadie\u201d, y que es una \u201cinspiraci\u00f3n\u201d para su&nbsp;<strong>Ejecutivo ultraderechista<\/strong>.<\/p>\n\n\n\n<blockquote class=\"wp-block-quote is-layout-flow wp-block-quote-is-layout-flow\">\n<p>\u201cEn el caso de Argentina, sabemos que esto reci\u00e9n empieza, que es momento de construir el edificio sobre los cimientos que hemos desplegado. Es momento de ratificar el rumbo, de llevar a cabo las reformas restantes para que sean reformas definitivas\u201d, afirm\u00f3, e hizo una llamada a sus votantes.<\/p>\n<\/blockquote>\n\n\n\n<p>Acus\u00f3 a los que se vieron \u201c<strong>beneficiados por el r\u00e9gimen anterior<\/strong>\u201d de buscar \u201chacer da\u00f1o\u201d antes de la renovaci\u00f3n del Congreso de finales de octubre, y apostill\u00f3: \u201cSaben que el momento para destruirnos es ahora, porque pronto la Argentina comenzar\u00e1 a crecer de forma irreversible\u201d.<\/p>\n\n\n\n<p><strong>Milei<\/strong>&nbsp;enarbol\u00f3 entonces el lema de&nbsp;<strong>Trump,<\/strong>&nbsp;\u201cHacer Am\u00e9rica grande nuevamente\u201d, y dijo que es una \u201clucha compartida\u201d por los dos pa\u00edses, tras lo que record\u00f3 el asesinato del activista ultraconservador&nbsp;<strong>Charlie Kirk<\/strong>, que atribuy\u00f3 a la violencia de la \u201cizquierda\u201d y sus \u201cideas criminales\u201d.<\/p>\n\n\n\n<p>La distinci\u00f3n a&nbsp;<strong>Milei<\/strong>&nbsp;es el colof\u00f3n a la jornada en que ha sellado la promesa de ayuda financiera por parte de&nbsp;<strong>Estados Unidos<\/strong>, tras reunirse en la v\u00edspera con&nbsp;<strong>Trump<\/strong>&nbsp;en los m\u00e1rgenes de la&nbsp;<strong>Asamblea General de la ONU<\/strong>&nbsp;y de celebrar sus pol\u00edticas sobre migraci\u00f3n y aranceles en el evento.<\/p>\n\n\n\n<p>Tras ese encuentro,&nbsp;<strong>Trump<\/strong>&nbsp;expres\u00f3 su apoyo electoral a&nbsp;<strong>Milei, y Bessent<\/strong>&nbsp;anunci\u00f3 este mi\u00e9rcoles que se negocia un&nbsp;<strong>\u2018swap\u2019<\/strong>&nbsp;de divisas (contrato bilateral que permite cubrir la exposici\u00f3n al riesgo) por 20 mil millones de d\u00f3lares entre la&nbsp;<strong>Reserva Federal (Fed) y el Banco Central<\/strong>&nbsp;argentino.<\/p>\n","protected":false},"excerpt":{"rendered":"<p>septiembre 25, 2025 El presidente argentino,&nbsp;Javier Milei,&nbsp;alab\u00f3 este mi\u00e9rcoles en&nbsp;Nueva York&nbsp;a su hom\u00f3logo estadounidense,&nbsp;Donald Trump,&#8230;<\/p>\n","protected":false},"author":1,"featured_media":6643,"comment_status":"open","ping_status":"open","sticky":false,"template":"","format":"standard","meta":{"footnotes":""},"categories":[5],"tags":[],"class_list":["post-6642","post","type-post","status-publish","format-standard","has-post-thumbnail","hentry","category-internacional"],"_links":{"self":[{"href":"https:\/\/noticierotamaulipeco.info\/index.php?rest_route=\/wp\/v2\/posts\/6642","targetHints":{"allow":["GET"]}}],"collection":[{"href":"https:\/\/noticierotamaulipeco.info\/index.php?rest_route=\/wp\/v2\/posts"}],"about":[{"href":"https:\/\/noticierotamaulipeco.info\/index.php?rest_route=\/wp\/v2\/types\/post"}],"author":[{"embeddable":true,"href":"https:\/\/noticierotamaulipeco.info\/index.php?rest_route=\/wp\/v2\/users\/1"}],"replies":[{"embeddable":true,"href":"https:\/\/noticierotamaulipeco.info\/index.php?rest_route=%2Fwp%2Fv2%2Fcomments&post=6642"}],"version-history":[{"count":1,"href":"https:\/\/noticierotamaulipeco.info\/index.php?rest_route=\/wp\/v2\/posts\/6642\/revisions"}],"predecessor-version":[{"id":6644,"href":"https:\/\/noticierotamaulipeco.info\/index.php?rest_route=\/wp\/v2\/posts\/6642\/revisions\/6644"}],"wp:featuredmedia":[{"embeddable":true,"href":"https:\/\/noticierotamaulipeco.info\/index.php?rest_route=\/wp\/v2\/media\/6643"}],"wp:attachment":[{"href":"https:\/\/noticierotamaulipeco.info\/index.php?rest_route=%2Fwp%2Fv2%2Fmedia&parent=6642"}],"wp:term":[{"taxonomy":"category","embeddable":true,"href":"https:\/\/noticierotamaulipeco.info\/index.php?rest_route=%2Fwp%2Fv2%2Fcategories&post=6642"},{"taxonomy":"post_tag","embeddable":true,"href":"https:\/\/noticierotamaulipeco.info\/index.php?rest_route=%2Fwp%2Fv2%2Ftags&post=6642"}],"curies":[{"name":"wp","href":"https:\/\/api.w.org\/{rel}","templated":true}]}}