{"id":6654,"date":"2025-10-15T18:45:49","date_gmt":"2025-10-15T18:45:49","guid":{"rendered":"https:\/\/noticierotamaulipeco.info\/?p=6654"},"modified":"2025-10-15T18:45:49","modified_gmt":"2025-10-15T18:45:49","slug":"ee-uu-asegura-que-la-guerra-en-ucrania-terminara-bajo-la-responsabilidad-de-trump","status":"publish","type":"post","link":"https:\/\/noticierotamaulipeco.info\/?p=6654","title":{"rendered":"EE.UU. asegura que la guerra en Ucrania terminar\u00e1 \u201cbajo la responsabilidad\u201d de Trump"},"content":{"rendered":"\n<p>octubre 15, 2025<\/p>\n\n\n\n<p><strong>Pete Hegseth<\/strong>, secretario de Guerra de\u00a0<strong>Estados Unidos,\u00a0<\/strong>afirm\u00f3 que la<strong>\u00a0guerra en Ucrania terminar\u00e1<\/strong>\u00a0\u201cbajo la\u00a0<strong>responsabilidad<\/strong>\u201d del presidente estadounidense\u00a0<strong>Donald\u00a0Trump<\/strong>, al tiempo que incidi\u00f3 en que todos los miembros de la\u00a0<strong>OTAN<\/strong>\u00a0deben contribuir a la iniciativa aliada con la que se compra material militar a Washington para enviarlo a Kiev.<\/p>\n\n\n\n<blockquote class=\"wp-block-quote is-layout-flow wp-block-quote-is-layout-flow\">\n<p>Esta guerra no empez\u00f3 bajo la responsabilidad del presidente Trump, pero terminar\u00e1 bajo su ella\u201d, declar\u00f3 Hegseth durante la reuni\u00f3n del Grupo de Contacto para la Defensa de Ucrania celebrada hoy en Bruselas.<\/p>\n<\/blockquote>\n\n\n\n<p>En otro momento de su intervenci\u00f3n, Hegseth dijo que si la guerra de Rusia contra Ucrania no termina y \u201cno hay camino a la paz en el corto plazo, entonces Estados Unidos, junto a sus aliados, dar\u00e1 los pasos necesarios para imponer un coste a&nbsp;<strong>Rusia<\/strong>&nbsp;por su continua agresi\u00f3n\u201d.<\/p>\n\n\n\n<blockquote class=\"wp-block-quote is-layout-flow wp-block-quote-is-layout-flow\">\n<p>El Departamento de Guerra (estadounidense) est\u00e1 preparado para desempe\u00f1ar su papel, de una forma que solo Estados Unidos puede hacerlo\u201d, asever\u00f3.<\/p>\n<\/blockquote>\n\n\n\n<p>Asegur\u00f3 que bajo el liderazgo \u201cfirme\u201d de Trump se pondr\u00e1 fin a la guerra en Ucrania.<\/p>\n\n\n\n<p>\u201cLa guerra debe terminar. Como le vimos hacer en Gaza y Oriente Medio, Trump sabe c\u00f3mo forjar la paz, crear oportunidades en situaciones y escenarios en los que la paz parece lejana. Solo \u00e9l tiene la capacidad para eso\u201d, destac\u00f3.<\/p>\n\n\n\n<p>Hegseth tambi\u00e9n se refiri\u00f3 a la iniciativa de la OTAN de la Lista de Necesidades Prioritarias de Ucrania (PURL, por sus siglas en ingl\u00e9s), con la que los aliados compran material militar estadounidense para enviarlo a Kiev.<\/p>\n\n\n\n<p>Detall\u00f3 que los aliados de la OTAN han comprometido \u201cm\u00e1s de dos mil millones de d\u00f3lares en asistencia de seguridad mediante PURL desde agosto\u201d.<\/p>\n\n\n\n<p>\u201cLos aliados a menudo dicen que la seguridad de Ucrania es sin\u00f3nimo de la seguridad europea. Por tanto, es hora de que los aliados de la OTAN conviertan los palabras en hechos mediante inversiones en PURL. Todos los pa\u00edses de esta mesa, sin aprovechados\u201d, coment\u00f3.<\/p>\n\n\n\n<p>En una declaraci\u00f3n ante la prensa junto al ministro de Defensa ucraniano,&nbsp;<strong>Denis Shmyhal<\/strong>, el secretario general de la OTAN,&nbsp;<strong>Mark Rutte<\/strong>, afirm\u00f3 que ya se han sumado a la iniciativa PURL m\u00e1s de la mitad de los pa\u00edses de la Alianza, y apunt\u00f3 que \u201cm\u00e1s de diecis\u00e9is, diecisiete aliados\u201d est\u00e1n comprometidos ahora con ese mecanismo.<\/p>\n\n\n\n<p>Por su parte, Shmyhal expuso durante la reuni\u00f3n del grupo de contacto que entre las prioridades de material militar para su pa\u00eds en 2025 y 2026 se encuentran las entregas mediante PURL y tambi\u00e9n recibir misiles de largo alcance como los Tomahawk que tiene Estados Unidos.<\/p>\n\n\n\n<p>\u201cNecesitamos combinar nuestros drones de ataque profundo con los misiles de ataque profundo de nuestros socios, insto a esto. Pido este tipo de apoyo\u201d, declar\u00f3.<\/p>\n\n\n\n<p>Adem\u00e1s, precis\u00f3 que para 2026 Ucrania estima que necesitar\u00e1 120 mil millones de d\u00f3lares para financiar su defensa y que el propio pa\u00eds podr\u00e1 asumir la mitad de esa cantidad.<\/p>\n\n\n\n<p>Pidi\u00f3 que la otra mitad la cubran sus socios y para ello propuso que los pa\u00edses que le ayudan en Europa y otras partes del mundo dediquen \u201cno menos del 0.25 por ciento de su PIB al apoyo militar a Ucrania\u201d.<\/p>\n\n\n\n<p>Agreg\u00f3 que si no es posible reunir esos 60 mil millones de d\u00f3lares entre los socios europeos y no europeos, la opci\u00f3n que queda es la de pr\u00e9stamos respaldados por los activos rusos congelados.<\/p>\n\n\n\n<p>Afirm\u00f3 que Ucrania nunca quiso \u201cesta guerra\u201d, sino que quiere la paz, una paz \u201cbasada en la justicia y el Derecho Internacional\u201d.<\/p>\n\n\n\n<p>\u201cApreciamos todos los esfuerzos personales del presidente Trump para llevar a Rusia a las negociaciones de paz, pero Rusia cree todav\u00eda que puede ganar m\u00e1s influencia con bombas\u201d, expuso.<\/p>\n\n\n\n<p>Se\u00f1al\u00f3 que cada noche las ciudades ucranianas sufren ataques y que por ese motivo se necesita \u201caut\u00e9ntica presi\u00f3n global fuerte en respuesta a la elecci\u00f3n de Rusia de seguir con esta guerra\u201d.<\/p>\n","protected":false},"excerpt":{"rendered":"<p>octubre 15, 2025 Pete Hegseth, secretario de Guerra de\u00a0Estados Unidos,\u00a0afirm\u00f3 que la\u00a0guerra en Ucrania terminar\u00e1\u00a0\u201cbajo&#8230;<\/p>\n","protected":false},"author":1,"featured_media":6655,"comment_status":"open","ping_status":"open","sticky":false,"template":"","format":"standard","meta":{"footnotes":""},"categories":[5],"tags":[],"class_list":["post-6654","post","type-post","status-publish","format-standard","has-post-thumbnail","hentry","category-internacional"],"_links":{"self":[{"href":"https:\/\/noticierotamaulipeco.info\/index.php?rest_route=\/wp\/v2\/posts\/6654","targetHints":{"allow":["GET"]}}],"collection":[{"href":"https:\/\/noticierotamaulipeco.info\/index.php?rest_route=\/wp\/v2\/posts"}],"about":[{"href":"https:\/\/noticierotamaulipeco.info\/index.php?rest_route=\/wp\/v2\/types\/post"}],"author":[{"embeddable":true,"href":"https:\/\/noticierotamaulipeco.info\/index.php?rest_route=\/wp\/v2\/users\/1"}],"replies":[{"embeddable":true,"href":"https:\/\/noticierotamaulipeco.info\/index.php?rest_route=%2Fwp%2Fv2%2Fcomments&post=6654"}],"version-history":[{"count":1,"href":"https:\/\/noticierotamaulipeco.info\/index.php?rest_route=\/wp\/v2\/posts\/6654\/revisions"}],"predecessor-version":[{"id":6656,"href":"https:\/\/noticierotamaulipeco.info\/index.php?rest_route=\/wp\/v2\/posts\/6654\/revisions\/6656"}],"wp:featuredmedia":[{"embeddable":true,"href":"https:\/\/noticierotamaulipeco.info\/index.php?rest_route=\/wp\/v2\/media\/6655"}],"wp:attachment":[{"href":"https:\/\/noticierotamaulipeco.info\/index.php?rest_route=%2Fwp%2Fv2%2Fmedia&parent=6654"}],"wp:term":[{"taxonomy":"category","embeddable":true,"href":"https:\/\/noticierotamaulipeco.info\/index.php?rest_route=%2Fwp%2Fv2%2Fcategories&post=6654"},{"taxonomy":"post_tag","embeddable":true,"href":"https:\/\/noticierotamaulipeco.info\/index.php?rest_route=%2Fwp%2Fv2%2Ftags&post=6654"}],"curies":[{"name":"wp","href":"https:\/\/api.w.org\/{rel}","templated":true}]}}