{"id":666,"date":"2023-10-24T15:34:08","date_gmt":"2023-10-24T15:34:08","guid":{"rendered":"https:\/\/noticierotamaulipeco.info\/?p=666"},"modified":"2023-10-30T15:36:28","modified_gmt":"2023-10-30T15:36:28","slug":"colabora-la-uat-en-campana-del-teleton-2023","status":"publish","type":"post","link":"https:\/\/noticierotamaulipeco.info\/?p=666","title":{"rendered":"Colabora la UAT en campa\u00f1a del Telet\u00f3n 2023"},"content":{"rendered":"\n<figure class=\"wp-block-image size-large\"><img loading=\"lazy\" decoding=\"async\" width=\"1024\" height=\"959\" src=\"https:\/\/noticierotamaulipeco.info\/wp-content\/uploads\/2023\/10\/6-19-1-1024x959.jpg\" alt=\"\" class=\"wp-image-667\" srcset=\"https:\/\/noticierotamaulipeco.info\/wp-content\/uploads\/2023\/10\/6-19-1-1024x959.jpg 1024w, https:\/\/noticierotamaulipeco.info\/wp-content\/uploads\/2023\/10\/6-19-1-300x281.jpg 300w, https:\/\/noticierotamaulipeco.info\/wp-content\/uploads\/2023\/10\/6-19-1-768x719.jpg 768w, https:\/\/noticierotamaulipeco.info\/wp-content\/uploads\/2023\/10\/6-19-1.jpg 1280w\" sizes=\"auto, (max-width: 1024px) 100vw, 1024px\" \/><\/figure>\n\n\n\n<p>Ciudad Victoria, Tam.; 24 de octubre de 2023.<\/p>\n\n\n\n<p>Colabora la UAT en campa\u00f1a del Telet\u00f3n 2023<\/p>\n\n\n\n<p>El rector C.P. Guillermo Mendoza Cavazos puso en marcha la colaboraci\u00f3n de la<br>Universidad Aut\u00f3noma de Tamaulipas (UAT) en la campa\u00f1a de recaudaci\u00f3n de<br>fondos para apoyar a ni\u00f1os y ni\u00f1as con discapacidad que son atendidos en el<br>Centro de Rehabilitaci\u00f3n Infantil Telet\u00f3n (CRIT) en Tamaulipas.<br>En el evento celebrado en la sala ejecutiva del Centro de Gesti\u00f3n del<br>Conocimiento del Campus Victoria, el rector Guillermo Mendoza presidi\u00f3 la<br>ceremonia de entrega de las \u00e1nforas para la campa\u00f1a del Boteo TELET\u00d3N 2023,<br>con la presencia de la Lic. Flor Pulido M\u00e9ndez, subdirectora de Alianzas<br>Estrat\u00e9gicas y Fondos del CRIT Tamaulipas.<br>En su mensaje, el rector reafirm\u00f3 el compromiso que tiene la UAT de<br>contribuir con las causas nobles, destacando que la colaboraci\u00f3n de los<br>universitarios en esta campa\u00f1a ha sido muy importante al hacer patente los<br>valores de la solidaridad y la responsabilidad social.<br>En ese contexto, subray\u00f3 que para la UAT es motivante participar en un<br>proyecto que busca la inclusi\u00f3n social, y que, como universidad p\u00fablica, se<br>privilegia la formaci\u00f3n de los estudiantes a trav\u00e9s de los valores humanos.<br>Coment\u00f3 que, como cada a\u00f1o, la casa de estudios pondr\u00e1 su grano de<br>arena para que la campa\u00f1a TELET\u00d3N sea un \u00e9xito en Tamaulipas, y que, para<br>ello, participar\u00e1n las veintis\u00e9is escuelas, unidades acad\u00e9micas y facultades de la<br>universidad en el estado.<br>Por su parte, la Lic. Flor Pulido M\u00e9ndez agradeci\u00f3 al rector por el apoyo de<br>los universitarios a este que es el proyecto m\u00e1s importante de la Fundaci\u00f3n<br>Telet\u00f3n, en donde cientos de voluntarios se suman a recaudar fondos que servir\u00e1n<br>para la atenci\u00f3n de la poblaci\u00f3n con problemas de discapacidad.<\/p>\n\n\n\n<p>La representante del CRIT, cuya sede est\u00e1 en la ciudad de Altamira, dijo ser<br>portavoz del agradecimiento de las familias que tienen la oportunidad de asistir al<br>centro de rehabilitaci\u00f3n, tras puntualizar que esa meta solo se logra gracias a<br>instituciones como la UAT, que se preocupan por fortalecer la empat\u00eda y la<br>inclusi\u00f3n.<br>En el evento estuvo presente el Promotor Estatal de Recaudaci\u00f3n del CRIT<br>Tamaulipas, Lic. Julio Rodr\u00edguez; as\u00ed como los secretarios del gabinete de la<br>rector\u00eda quienes recibieron las \u00e1nforas para hacer extensiva la participaci\u00f3n en la<br>Campa\u00f1a de Boteo TELET\u00d3N 2023.<\/p>\n","protected":false},"excerpt":{"rendered":"<p>Ciudad Victoria, Tam.; 24 de octubre de 2023. Colabora la UAT en campa\u00f1a del Telet\u00f3n&#8230;<\/p>\n","protected":false},"author":1,"featured_media":667,"comment_status":"open","ping_status":"open","sticky":false,"template":"","format":"standard","meta":{"footnotes":""},"categories":[4],"tags":[],"class_list":["post-666","post","type-post","status-publish","format-standard","has-post-thumbnail","hentry","category-educacion"],"_links":{"self":[{"href":"https:\/\/noticierotamaulipeco.info\/index.php?rest_route=\/wp\/v2\/posts\/666","targetHints":{"allow":["GET"]}}],"collection":[{"href":"https:\/\/noticierotamaulipeco.info\/index.php?rest_route=\/wp\/v2\/posts"}],"about":[{"href":"https:\/\/noticierotamaulipeco.info\/index.php?rest_route=\/wp\/v2\/types\/post"}],"author":[{"embeddable":true,"href":"https:\/\/noticierotamaulipeco.info\/index.php?rest_route=\/wp\/v2\/users\/1"}],"replies":[{"embeddable":true,"href":"https:\/\/noticierotamaulipeco.info\/index.php?rest_route=%2Fwp%2Fv2%2Fcomments&post=666"}],"version-history":[{"count":1,"href":"https:\/\/noticierotamaulipeco.info\/index.php?rest_route=\/wp\/v2\/posts\/666\/revisions"}],"predecessor-version":[{"id":668,"href":"https:\/\/noticierotamaulipeco.info\/index.php?rest_route=\/wp\/v2\/posts\/666\/revisions\/668"}],"wp:featuredmedia":[{"embeddable":true,"href":"https:\/\/noticierotamaulipeco.info\/index.php?rest_route=\/wp\/v2\/media\/667"}],"wp:attachment":[{"href":"https:\/\/noticierotamaulipeco.info\/index.php?rest_route=%2Fwp%2Fv2%2Fmedia&parent=666"}],"wp:term":[{"taxonomy":"category","embeddable":true,"href":"https:\/\/noticierotamaulipeco.info\/index.php?rest_route=%2Fwp%2Fv2%2Fcategories&post=666"},{"taxonomy":"post_tag","embeddable":true,"href":"https:\/\/noticierotamaulipeco.info\/index.php?rest_route=%2Fwp%2Fv2%2Ftags&post=666"}],"curies":[{"name":"wp","href":"https:\/\/api.w.org\/{rel}","templated":true}]}}