{"id":669,"date":"2023-10-18T15:36:32","date_gmt":"2023-10-18T15:36:32","guid":{"rendered":"https:\/\/noticierotamaulipeco.info\/?p=669"},"modified":"2023-10-30T15:39:16","modified_gmt":"2023-10-30T15:39:16","slug":"rector-de-la-uat-visita-la-facultad-de-derecho-campus-tampico","status":"publish","type":"post","link":"https:\/\/noticierotamaulipeco.info\/?p=669","title":{"rendered":"Rector de la UAT visita la Facultad de Derecho Campus Tampico"},"content":{"rendered":"\n<figure class=\"wp-block-image size-large\"><img loading=\"lazy\" decoding=\"async\" width=\"1024\" height=\"576\" src=\"https:\/\/noticierotamaulipeco.info\/wp-content\/uploads\/2023\/10\/6-20-1024x576.jpg\" alt=\"\" class=\"wp-image-670\" srcset=\"https:\/\/noticierotamaulipeco.info\/wp-content\/uploads\/2023\/10\/6-20-1024x576.jpg 1024w, https:\/\/noticierotamaulipeco.info\/wp-content\/uploads\/2023\/10\/6-20-300x169.jpg 300w, https:\/\/noticierotamaulipeco.info\/wp-content\/uploads\/2023\/10\/6-20-768x432.jpg 768w, https:\/\/noticierotamaulipeco.info\/wp-content\/uploads\/2023\/10\/6-20.jpg 1280w\" sizes=\"auto, (max-width: 1024px) 100vw, 1024px\" \/><\/figure>\n\n\n\n<p>Tampico, Tam.; 17 de octubre de 2023.<\/p>\n\n\n\n<p>Rector de la UAT visita la Facultad de Derecho Campus Tampico<\/p>\n\n\n\n<p>\uf0b7 El C.P. Guillermo Mendoza Cavazos presidi\u00f3 en la FADYCS la reuni\u00f3n<br>mensual del Colegio de Directores de la UAT y realiz\u00f3 una gira de trabajo<br>en la cual puso en marcha proyectos de mejoramiento de infraestructura al<br>servicio del alumnado.<\/p>\n\n\n\n<p>En gira de trabajo por la Facultad de Derecho y Ciencias Sociales (FADYCS) del<br>Campus Tampico, el C. P. Guillermo Mendoza Cavazos, rector de la Universidad<br>Aut\u00f3noma de Tamaulipas (UAT), presidi\u00f3 la d\u00e9cima octava reuni\u00f3n del Colegio de<br>Directores y llev\u00f3 a cabo diversas actividades con la comunidad acad\u00e9mica y<br>estudiantil de ese plantel universitario.<br>Acompa\u00f1ado de la Mtra. Elda Ruth de los Reyes Villarreal, directora de la<br>FADYCS Tampico, el rector Guillermo Mendoza Cavazos puso en marcha los<br>trabajos del \u00f3rgano colegiado, destacando que, en el marco de la reforma<br>educativa que ha implementado la UAT, la actualizaci\u00f3n del docente ha sido<br>fundamental para fortalecer los nuevos programas acad\u00e9micos y la formaci\u00f3n<br>integral del alumnado.<br>En ese contexto, agradeci\u00f3 el apoyo de las directoras y directores de las<br>escuelas, facultades y unidades acad\u00e9micas de la UAT, porque han contribuido<br>mediante el trabajo colegiado al cumplimiento de las metas institucionales.<br>Durante su visita a la FADYCS, el C.P. Guillermo Mendoza realiz\u00f3 un<br>recorrido por las instalaciones y dio el banderazo para el inicio de las obras de<br>remodelaci\u00f3n del estudio de televisi\u00f3n que se ubica en la Torre de Comunicaci\u00f3n.<\/p>\n\n\n\n<p>Adem\u00e1s, recorri\u00f3 la Sala de Juicios Orales y sostuvo un encuentro con<br>estudiantes que presentaron los avances de su participaci\u00f3n en los diversos<br>talleres y actividades extraescolares del programa Vida UAT.<br>Por su parte, la directora Elda Ruth de los Reyes Villarreal dio la bienvenida<br>a integrantes del Colegio de Directores, y present\u00f3, mediante un video, las<br>fortalezas e indicadores estrat\u00e9gicos de esta facultad, cuyos avances responden al<br>Plan de Desarrollo Institucional que impulsa el rector Guillermo Mendoza Cavazos.<br>Como parte de la sesi\u00f3n, particip\u00f3 la secretaria Acad\u00e9mica, Dra. Rosa Issel<br>Acosta Gonz\u00e1lez quien habl\u00f3 de los resultados de la primera y segunda etapa de<br>los Planes de Trabajo Docente 2023; asimismo, la secretaria de Gesti\u00f3n Escolar,<br>Dra. Cinthya Patricia Ibarra Gonz\u00e1lez expuso los trabajos para el proceso de<br>admisi\u00f3n del periodo Primavera 2024; y el Dr. Eduardo Arvizu S\u00e1nchez, secretario<br>general de la UAT, present\u00f3 la Red Institucional de Planeaci\u00f3n y Evaluaci\u00f3n.<\/p>\n","protected":false},"excerpt":{"rendered":"<p>Tampico, Tam.; 17 de octubre de 2023. Rector de la UAT visita la Facultad de&#8230;<\/p>\n","protected":false},"author":1,"featured_media":670,"comment_status":"open","ping_status":"open","sticky":false,"template":"","format":"standard","meta":{"footnotes":""},"categories":[4],"tags":[],"class_list":["post-669","post","type-post","status-publish","format-standard","has-post-thumbnail","hentry","category-educacion"],"_links":{"self":[{"href":"https:\/\/noticierotamaulipeco.info\/index.php?rest_route=\/wp\/v2\/posts\/669","targetHints":{"allow":["GET"]}}],"collection":[{"href":"https:\/\/noticierotamaulipeco.info\/index.php?rest_route=\/wp\/v2\/posts"}],"about":[{"href":"https:\/\/noticierotamaulipeco.info\/index.php?rest_route=\/wp\/v2\/types\/post"}],"author":[{"embeddable":true,"href":"https:\/\/noticierotamaulipeco.info\/index.php?rest_route=\/wp\/v2\/users\/1"}],"replies":[{"embeddable":true,"href":"https:\/\/noticierotamaulipeco.info\/index.php?rest_route=%2Fwp%2Fv2%2Fcomments&post=669"}],"version-history":[{"count":1,"href":"https:\/\/noticierotamaulipeco.info\/index.php?rest_route=\/wp\/v2\/posts\/669\/revisions"}],"predecessor-version":[{"id":671,"href":"https:\/\/noticierotamaulipeco.info\/index.php?rest_route=\/wp\/v2\/posts\/669\/revisions\/671"}],"wp:featuredmedia":[{"embeddable":true,"href":"https:\/\/noticierotamaulipeco.info\/index.php?rest_route=\/wp\/v2\/media\/670"}],"wp:attachment":[{"href":"https:\/\/noticierotamaulipeco.info\/index.php?rest_route=%2Fwp%2Fv2%2Fmedia&parent=669"}],"wp:term":[{"taxonomy":"category","embeddable":true,"href":"https:\/\/noticierotamaulipeco.info\/index.php?rest_route=%2Fwp%2Fv2%2Fcategories&post=669"},{"taxonomy":"post_tag","embeddable":true,"href":"https:\/\/noticierotamaulipeco.info\/index.php?rest_route=%2Fwp%2Fv2%2Ftags&post=669"}],"curies":[{"name":"wp","href":"https:\/\/api.w.org\/{rel}","templated":true}]}}