{"id":6708,"date":"2025-10-09T19:52:31","date_gmt":"2025-10-09T19:52:31","guid":{"rendered":"https:\/\/noticierotamaulipeco.info\/?p=6708"},"modified":"2025-10-15T19:54:17","modified_gmt":"2025-10-15T19:54:17","slug":"someten-a-cirugia-a-alejandra-guzman-cual-es-su-estado-de-salud","status":"publish","type":"post","link":"https:\/\/noticierotamaulipeco.info\/?p=6708","title":{"rendered":"Someten a cirug\u00eda a Alejandra Guzm\u00e1n, \u00bfcu\u00e1l es su estado de salud?"},"content":{"rendered":"\n<p>octubre 09, 2025<\/p>\n\n\n\n<p>La reconocida cantante mexicana&nbsp;<strong>Alejandra Guzm\u00e1n<\/strong>&nbsp;se someti\u00f3 a una nueva cirug\u00eda de&nbsp;<strong>columna vertebral<\/strong>.<\/p>\n\n\n\n<p>La periodista de espect\u00e1culos&nbsp;<strong>Pati Chapoy<\/strong>&nbsp;revel\u00f3 en su programa&nbsp;<strong>Ventaneando&nbsp;<\/strong>que la artista fue sometida a la operaci\u00f3n el martes 7 de octubre.<\/p>\n\n\n\n<blockquote class=\"wp-block-quote is-layout-flow wp-block-quote-is-layout-flow\">\n<p>En una entrevista de hace dos meses coment\u00f3 que ten\u00eda hernias discales, entonces supongo que fue una intervenci\u00f3n bastante delicada para poner ya todo en su lugar\u201d, explic\u00f3.<\/p>\n<\/blockquote>\n\n\n\n<p>Pati Chapoy agreg\u00f3 que de acuerdo con reportes, la operaci\u00f3n sali\u00f3 bien y Guzm\u00e1n se mantiene en recuperaci\u00f3n.<\/p>\n\n\n\n<p>Hasta el momento no hay un comunicado oficial por parte de la familia o equipo de trabajo de la cantante.<\/p>\n","protected":false},"excerpt":{"rendered":"<p>octubre 09, 2025 La reconocida cantante mexicana&nbsp;Alejandra Guzm\u00e1n&nbsp;se someti\u00f3 a una nueva cirug\u00eda de&nbsp;columna vertebral&#8230;.<\/p>\n","protected":false},"author":1,"featured_media":6709,"comment_status":"open","ping_status":"open","sticky":false,"template":"","format":"standard","meta":{"footnotes":""},"categories":[7],"tags":[],"class_list":["post-6708","post","type-post","status-publish","format-standard","has-post-thumbnail","hentry","category-espectaculos"],"_links":{"self":[{"href":"https:\/\/noticierotamaulipeco.info\/index.php?rest_route=\/wp\/v2\/posts\/6708","targetHints":{"allow":["GET"]}}],"collection":[{"href":"https:\/\/noticierotamaulipeco.info\/index.php?rest_route=\/wp\/v2\/posts"}],"about":[{"href":"https:\/\/noticierotamaulipeco.info\/index.php?rest_route=\/wp\/v2\/types\/post"}],"author":[{"embeddable":true,"href":"https:\/\/noticierotamaulipeco.info\/index.php?rest_route=\/wp\/v2\/users\/1"}],"replies":[{"embeddable":true,"href":"https:\/\/noticierotamaulipeco.info\/index.php?rest_route=%2Fwp%2Fv2%2Fcomments&post=6708"}],"version-history":[{"count":1,"href":"https:\/\/noticierotamaulipeco.info\/index.php?rest_route=\/wp\/v2\/posts\/6708\/revisions"}],"predecessor-version":[{"id":6710,"href":"https:\/\/noticierotamaulipeco.info\/index.php?rest_route=\/wp\/v2\/posts\/6708\/revisions\/6710"}],"wp:featuredmedia":[{"embeddable":true,"href":"https:\/\/noticierotamaulipeco.info\/index.php?rest_route=\/wp\/v2\/media\/6709"}],"wp:attachment":[{"href":"https:\/\/noticierotamaulipeco.info\/index.php?rest_route=%2Fwp%2Fv2%2Fmedia&parent=6708"}],"wp:term":[{"taxonomy":"category","embeddable":true,"href":"https:\/\/noticierotamaulipeco.info\/index.php?rest_route=%2Fwp%2Fv2%2Fcategories&post=6708"},{"taxonomy":"post_tag","embeddable":true,"href":"https:\/\/noticierotamaulipeco.info\/index.php?rest_route=%2Fwp%2Fv2%2Ftags&post=6708"}],"curies":[{"name":"wp","href":"https:\/\/api.w.org\/{rel}","templated":true}]}}