{"id":6711,"date":"2025-10-15T19:55:42","date_gmt":"2025-10-15T19:55:42","guid":{"rendered":"https:\/\/noticierotamaulipeco.info\/?p=6711"},"modified":"2025-10-15T19:55:42","modified_gmt":"2025-10-15T19:55:42","slug":"amaia-montero-regresa-a-la-oreja-de-van-gogh","status":"publish","type":"post","link":"https:\/\/noticierotamaulipeco.info\/?p=6711","title":{"rendered":"Amaia Montero regresa a La Oreja de Van Gogh"},"content":{"rendered":"\n<p>octubre 15, 2025<\/p>\n\n\n\n<p><strong>La Oreja de Van Gogh<\/strong>\u00a0anunci\u00f3 la vuelta de\u00a0<strong>Amaia Montero,<\/strong>\u00a0su cantante original, como\u00a0<strong>vocalista del grupo<\/strong>\u00a0y la salida temporal del guitarrista<strong>\u00a0Pablo Benegas<\/strong>, un rumor que llevaba meses circulando y que aument\u00f3 cuando se anunci\u00f3 la salida de\u00a0<strong>Leire Mart\u00ednez<\/strong>\u00a0del grupo espa\u00f1ol.<\/p>\n\n\n\n<p>La esperada noticia se hizo p\u00fablica este\u00a0mi\u00e9rcoles 15 de octubre de 2025\u00a0en un comunicado, acompa\u00f1ado de una foto y de un video grabado en un local de ensayo en el que aparece ya cantando Amaia Montero, en compa\u00f1\u00eda de Xabi San Mart\u00edn (teclados), \u00c1lvaro Fuentes (bajo) y Haritz Garde (bater\u00eda).<\/p>\n\n\n\n<p>La ausencia de Pablo Benegas, que llevaba 30 a\u00f1os en la banda, es patente tanto en la im\u00e1genes como en la firma del comunicado en el que el grupo explica que el guitarrista sigue formando parte del grupo, aunque \u201cse retirar\u00e1 una temporada para poder disfrutar de m\u00e1s tiempo junto a su familia y explorar nuevos retos profesionales\u201d.<\/p>\n\n\n\n<p>De esta manera, el quintento reconvertido ahora en cuarteto volver\u00e1 a reencontrarse con su p\u00fablico tras haber dedicado estos \u00faltimos meses a repasar sus \u00e9xitos y tambi\u00e9n a escribir nuevas historias que pronto se sumar\u00e1n a su repertorio.<\/p>\n\n\n\n<p>\u201cVolver al local de ensayo, encender el micr\u00f3fono y sentir viva la magia de nuestras canciones me hizo infinitamente feliz\u201d, asegura una Amaia Montero emocionada, que regresa as\u00ed al grupo en el que permaneci\u00f3 entre 1996 y 2007.<\/p>\n\n\n\n<p>La confirmaci\u00f3n oficial del regreso Amaia Montero a La Oreja de Van Gogh se produce justo un a\u00f1o despu\u00e9s de la abrupta salida de Leire Mart\u00ednez, que permaneci\u00f3 17 a\u00f1os en la banda donostiarra.<\/p>\n\n\n\n<p>Y ven\u00eda especul\u00e1ndose despu\u00e9s de que tras un largo tiempo con Montero alejada de los escenarios, volviera a subirse a uno en el concierto de Karol G en el estadio Santiago Bernabeu, en julio de 2024, cuando con una voz miedosa que fue cogiendo confianza cant\u00f3 su m\u00edtica canci\u00f3n \u2018Rosas\u2019.<\/p>\n\n\n\n<p>La salida de Mart\u00ednez, el 14 de octubre de 2024, fue anunciada por el grupo con un comunicado que aseguraba que no hab\u00edan conseguido \u201cacercar\u201d sus \u201cdiferentes maneras de vivir el grupo\u201d, en un anuncio que los fans de la cantante vieron como una traici\u00f3n a quien tom\u00f3 el relevo de Montero durante 17 a\u00f1os.<\/p>\n\n\n\n<p>La propia Leire sac\u00f3 en abril su primera canci\u00f3n en solitario, \u2018Mi nombre\u2019, donde cargaba con c\u00f3mo la hab\u00eda tratado el grupo: \u201cNunca fui tuya \/ B\u00fascate a alguien que me sustituya \/ Ya lo hiciste una vez \/ Pero t\u00fa ya no podr\u00e1s esconder m\u00e1s \/ Dos caras y un nombre\u201d.<\/p>\n\n\n\n<p>En los \u00faltimos d\u00edas parec\u00eda un rumor a voces, ya que la biograf\u00eda en redes de la banda cambi\u00f3 para quitar la foto del grupo y poner simplemente en la biograf\u00eda: \u201csolo juntos tiene sentido\u201d.<\/p>\n","protected":false},"excerpt":{"rendered":"<p>octubre 15, 2025 La Oreja de Van Gogh\u00a0anunci\u00f3 la vuelta de\u00a0Amaia Montero,\u00a0su cantante original, como\u00a0vocalista&#8230;<\/p>\n","protected":false},"author":1,"featured_media":6712,"comment_status":"open","ping_status":"open","sticky":false,"template":"","format":"standard","meta":{"footnotes":""},"categories":[7],"tags":[],"class_list":["post-6711","post","type-post","status-publish","format-standard","has-post-thumbnail","hentry","category-espectaculos"],"_links":{"self":[{"href":"https:\/\/noticierotamaulipeco.info\/index.php?rest_route=\/wp\/v2\/posts\/6711","targetHints":{"allow":["GET"]}}],"collection":[{"href":"https:\/\/noticierotamaulipeco.info\/index.php?rest_route=\/wp\/v2\/posts"}],"about":[{"href":"https:\/\/noticierotamaulipeco.info\/index.php?rest_route=\/wp\/v2\/types\/post"}],"author":[{"embeddable":true,"href":"https:\/\/noticierotamaulipeco.info\/index.php?rest_route=\/wp\/v2\/users\/1"}],"replies":[{"embeddable":true,"href":"https:\/\/noticierotamaulipeco.info\/index.php?rest_route=%2Fwp%2Fv2%2Fcomments&post=6711"}],"version-history":[{"count":1,"href":"https:\/\/noticierotamaulipeco.info\/index.php?rest_route=\/wp\/v2\/posts\/6711\/revisions"}],"predecessor-version":[{"id":6713,"href":"https:\/\/noticierotamaulipeco.info\/index.php?rest_route=\/wp\/v2\/posts\/6711\/revisions\/6713"}],"wp:featuredmedia":[{"embeddable":true,"href":"https:\/\/noticierotamaulipeco.info\/index.php?rest_route=\/wp\/v2\/media\/6712"}],"wp:attachment":[{"href":"https:\/\/noticierotamaulipeco.info\/index.php?rest_route=%2Fwp%2Fv2%2Fmedia&parent=6711"}],"wp:term":[{"taxonomy":"category","embeddable":true,"href":"https:\/\/noticierotamaulipeco.info\/index.php?rest_route=%2Fwp%2Fv2%2Fcategories&post=6711"},{"taxonomy":"post_tag","embeddable":true,"href":"https:\/\/noticierotamaulipeco.info\/index.php?rest_route=%2Fwp%2Fv2%2Ftags&post=6711"}],"curies":[{"name":"wp","href":"https:\/\/api.w.org\/{rel}","templated":true}]}}