{"id":672,"date":"2023-10-13T15:39:21","date_gmt":"2023-10-13T15:39:21","guid":{"rendered":"https:\/\/noticierotamaulipeco.info\/?p=672"},"modified":"2023-10-30T15:42:23","modified_gmt":"2023-10-30T15:42:23","slug":"realiza-la-uat-conferencias-y-talleres-por-el-dia-de-la-salud-mental","status":"publish","type":"post","link":"https:\/\/noticierotamaulipeco.info\/?p=672","title":{"rendered":"Realiza la UAT conferencias y talleres por el D\u00eda de la Salud Mental"},"content":{"rendered":"\n<figure class=\"wp-block-image size-large\"><img loading=\"lazy\" decoding=\"async\" width=\"1024\" height=\"682\" src=\"https:\/\/noticierotamaulipeco.info\/wp-content\/uploads\/2023\/10\/2-13-1024x682.jpg\" alt=\"\" class=\"wp-image-673\" srcset=\"https:\/\/noticierotamaulipeco.info\/wp-content\/uploads\/2023\/10\/2-13-1024x682.jpg 1024w, https:\/\/noticierotamaulipeco.info\/wp-content\/uploads\/2023\/10\/2-13-300x200.jpg 300w, https:\/\/noticierotamaulipeco.info\/wp-content\/uploads\/2023\/10\/2-13-768x512.jpg 768w, https:\/\/noticierotamaulipeco.info\/wp-content\/uploads\/2023\/10\/2-13.jpg 1280w\" sizes=\"auto, (max-width: 1024px) 100vw, 1024px\" \/><\/figure>\n\n\n\n<p>Ciudad Victoria, Tam.; 12 de octubre de 2023.<\/p>\n\n\n\n<p>Realiza la UAT conferencias y talleres por el D\u00eda de la Salud<\/p>\n\n\n\n<p>Mental<\/p>\n\n\n\n<p>En conmemoraci\u00f3n del D\u00eda Mundial de la Salud Mental, celebrado el 10 de octubre<br>de cada a\u00f1o, la Universidad Aut\u00f3noma de Tamaulipas (UAT) llev\u00f3 a cabo una<br>serie de conferencias, talleres y actividades acad\u00e9micas en diversas<br>dependencias de esta casa de estudios.<br>La organizaci\u00f3n de las actividades forma parte del compromiso del rector<br>C.P. Guillermo Mendoza Cavazos, en el sentido de impulsar una instituci\u00f3n<br>educativa que no solo se preocupa por el crecimiento acad\u00e9mico, sino tambi\u00e9n por<br>el desarrollo integral de sus estudiantes, docentes y personal administrativo.<br>En ese contexto, la Unidad Acad\u00e9mica Multidisciplinaria de Trabajo Social y<br>Ciencias para el Desarrollo Humano (UATSCDH) organiz\u00f3 la Jornada Acad\u00e9mica<br>&#8220;D\u00eda de la Salud Mental&#8221;, que brind\u00f3 un espacio de reflexi\u00f3n y aprendizaje en<br>torno a la importancia de la salud mental en la vida cotidiana.<br>A trav\u00e9s de conferencias y talleres, se destac\u00f3 la importancia de la salud<br>mental para vivir en armon\u00eda y con paz interior, alentando a la comunidad<br>estudiantil universitaria a priorizar ese aspecto en sus vidas.<br>Por su parte, la Facultad de Enfermer\u00eda Victoria tambi\u00e9n desempe\u00f1\u00f3 un<br>papel crucial al organizar un ciclo de conferencias titulado &#8220;La creatividad requiere<br>tener el valor de desprenderse de las certezas\u201d, evento que tuvo como objetivo<br>resaltar la importancia del papel de las enfermeras y enfermeros en la promoci\u00f3n y<br>cuidado de la salud mental.<br>De igual forma, en el Centro Universitario Sur de la UAT se ofreci\u00f3 una<br>serie de charlas y talleres de salud mental que abordaron temas como el acoso y<\/p>\n\n\n\n<p>la discriminaci\u00f3n en las redes sociales, el manejo del estr\u00e9s y un taller de<br>mindfulness. Estas actividades brindaron a los estudiantes herramientas pr\u00e1cticas<br>para lidiar con los desaf\u00edos de la vida personal y universitaria.<br>En otras actividades, en los centros infantiles y guarder\u00edas de la UAT se<br>comparti\u00f3 el cuento &#8220;El monstruo de las emociones&#8221;, el cual ayud\u00f3 a los ni\u00f1os a<br>comprender y manejar una amplia gama de emociones comunes, promoviendo un<br>apoyo afectivo y una comunicaci\u00f3n abierta que contribuir\u00e1 al desarrollo de<br>habilidades socioemocionales efectivas.<br>Cabe mencionar que la UAT, consciente de la importancia de la salud<br>mental, brinda servicios gratuitos de apoyo a sus estudiantes a trav\u00e9s del Centro<br>de Atenci\u00f3n Psicol\u00f3gica (CEDAPSI) en el Centro Universitario Sur y el Centro de<br>Atenci\u00f3n para el Desarrollo Humano (CADH) en Cd. Victoria. Estos centros est\u00e1n<br>disponibles para aquellos que necesitan orientaci\u00f3n, apoyo emocional o<br>asesoramiento en sus decisiones.<\/p>\n","protected":false},"excerpt":{"rendered":"<p>Ciudad Victoria, Tam.; 12 de octubre de 2023. Realiza la UAT conferencias y talleres por&#8230;<\/p>\n","protected":false},"author":1,"featured_media":673,"comment_status":"open","ping_status":"open","sticky":false,"template":"","format":"standard","meta":{"footnotes":""},"categories":[4],"tags":[],"class_list":["post-672","post","type-post","status-publish","format-standard","has-post-thumbnail","hentry","category-educacion"],"_links":{"self":[{"href":"https:\/\/noticierotamaulipeco.info\/index.php?rest_route=\/wp\/v2\/posts\/672","targetHints":{"allow":["GET"]}}],"collection":[{"href":"https:\/\/noticierotamaulipeco.info\/index.php?rest_route=\/wp\/v2\/posts"}],"about":[{"href":"https:\/\/noticierotamaulipeco.info\/index.php?rest_route=\/wp\/v2\/types\/post"}],"author":[{"embeddable":true,"href":"https:\/\/noticierotamaulipeco.info\/index.php?rest_route=\/wp\/v2\/users\/1"}],"replies":[{"embeddable":true,"href":"https:\/\/noticierotamaulipeco.info\/index.php?rest_route=%2Fwp%2Fv2%2Fcomments&post=672"}],"version-history":[{"count":1,"href":"https:\/\/noticierotamaulipeco.info\/index.php?rest_route=\/wp\/v2\/posts\/672\/revisions"}],"predecessor-version":[{"id":674,"href":"https:\/\/noticierotamaulipeco.info\/index.php?rest_route=\/wp\/v2\/posts\/672\/revisions\/674"}],"wp:featuredmedia":[{"embeddable":true,"href":"https:\/\/noticierotamaulipeco.info\/index.php?rest_route=\/wp\/v2\/media\/673"}],"wp:attachment":[{"href":"https:\/\/noticierotamaulipeco.info\/index.php?rest_route=%2Fwp%2Fv2%2Fmedia&parent=672"}],"wp:term":[{"taxonomy":"category","embeddable":true,"href":"https:\/\/noticierotamaulipeco.info\/index.php?rest_route=%2Fwp%2Fv2%2Fcategories&post=672"},{"taxonomy":"post_tag","embeddable":true,"href":"https:\/\/noticierotamaulipeco.info\/index.php?rest_route=%2Fwp%2Fv2%2Ftags&post=672"}],"curies":[{"name":"wp","href":"https:\/\/api.w.org\/{rel}","templated":true}]}}