{"id":6807,"date":"2025-10-21T19:18:57","date_gmt":"2025-10-21T19:18:57","guid":{"rendered":"https:\/\/noticierotamaulipeco.info\/?p=6807"},"modified":"2025-10-28T19:44:58","modified_gmt":"2025-10-28T19:44:58","slug":"trump-asegura-sobre-su-cumbre-aplazada-con-putin-no-quiero-una-reunion-desperdiciada","status":"publish","type":"post","link":"https:\/\/noticierotamaulipeco.info\/?p=6807","title":{"rendered":"Trump asegura sobre su cumbre aplazada con Putin: \u201cno quiero una reuni\u00f3n desperdiciada\u201d"},"content":{"rendered":"\n<p>21 Octubre, 2025<\/p>\n\n\n\n<p>El presidente estadounidense,&nbsp;<strong>Donald Trump<\/strong>, dijo este martes con respecto al aplazamiento de la esperada cumbre con su hom\u00f3logo ruso,&nbsp;<strong>Vlad\u00edmir Putin<\/strong>, que no quiere \u201cuna reuni\u00f3n desperdiciada\u201d, en referencia a las dificultades para lograr un acercamiento entre&nbsp;<strong>Mosc\u00fa y Kiev.<\/strong><\/p>\n\n\n\n<blockquote class=\"wp-block-quote is-layout-flow wp-block-quote-is-layout-flow\">\n<p>\u201cNo quiero una reuni\u00f3n in\u00fatil. No quiero perder el tiempo\u201d, dijo Trump al ser preguntado por periodistas en la Casa Blanca acerca de los motivos del retraso de su encuentro con Putin, previsto inicialmente para dentro de unas dos semanas, e insisti\u00f3 tambi\u00e9n en que Rusia y Ucrania deber\u00edan replegar tropas simplemente para poner freno a la matanza.<\/p>\n\n\n\n<p>\u201cVayan a la l\u00ednea de batalla. A las l\u00edneas del campo de batalla. Y se retiran y regresan a casa, y todos se toman un descanso, porque hay dos pa\u00edses que se est\u00e1n matando mutuamente\u201d, dijo el republicano durante un acto en la oficina presidencial estadounidense para celebrar la festividad india del Diwali.<\/p>\n\n\n\n<p><strong>Trump<\/strong>&nbsp;asegur\u00f3 que notificar\u00e1 p\u00fablicamente nuevos avances en este terreno \u201cen los pr\u00f3ximos dos d\u00edas\u201d, ya que, seg\u00fan \u00e9l, \u201cest\u00e1n sucediendo muchas cosas\u201d en el frente diplom\u00e1tico.<\/p>\n\n\n\n<p>La&nbsp;<strong>Casa Blanca<\/strong>&nbsp;confirm\u00f3 hoy mismo que el encuentro entre&nbsp;<strong>Trump y Putin<\/strong>&nbsp;previsto en&nbsp;<strong>Budapest<\/strong>&nbsp;para&nbsp;<strong>finales de octubre<\/strong>&nbsp;no tendr\u00e1 lugar en un \u201cfuturo inmediato\u201d.<\/p>\n<\/blockquote>\n\n\n\n<p>El anuncio lleg\u00f3 tras una llamada mantenida entre el secretario de Estado de EE.UU.,\u00a0<strong>Marco Rubio<\/strong>, y el ministro de Asuntos Exteriores ruso,\u00a0<strong>Sergu\u00e9i Lavrov<\/strong>, y tambi\u00e9n d\u00edas despu\u00e9s de un bronco encuentro en la\u00a0<strong>Casa Blanca<\/strong>\u00a0entre\u00a0<strong>Trump<\/strong>\u00a0y el presidente ucraniano,\u00a0<strong>Volod\u00edmir Zelenski<\/strong>, en la que el l\u00edder estadounidense trat\u00f3 aparentemente de que\u00a0<strong>Kiev<\/strong>\u00a0aceptara las condiciones de\u00a0<strong>Mosc\u00fa para un alto el fuego.<\/strong><\/p>\n\n\n\n<blockquote class=\"wp-block-quote is-layout-flow wp-block-quote-is-layout-flow\">\n<p>No obstante, Trump mantuvo hoy el optimismo diciendo: \u201cCreo que Putin quiere que (la guerra) termine, y creo que Zelenski quiere que termine y yo pienso que va a terminar\u201d<\/p>\n<\/blockquote>\n\n\n\n<p>Durante el evento de hoy, en el que participaron destacados miembros de la comunidad india en&nbsp;<strong>EE.UU., Trump<\/strong>&nbsp;tambi\u00e9n volvi\u00f3 a insistir en que&nbsp;<strong>Delhi<\/strong>&nbsp;se ha comprometido a dejar de comprar crudo ruso de manera paulatina y que as\u00ed se lo asegur\u00f3 hoy mismo en una llamada telef\u00f3nica el presidente indio,&nbsp;<strong>Narendra Modi.<\/strong><\/p>\n","protected":false},"excerpt":{"rendered":"<p>21 Octubre, 2025 El presidente estadounidense,&nbsp;Donald Trump, dijo este martes con respecto al aplazamiento de&#8230;<\/p>\n","protected":false},"author":1,"featured_media":6808,"comment_status":"open","ping_status":"open","sticky":false,"template":"","format":"standard","meta":{"footnotes":""},"categories":[5],"tags":[],"class_list":["post-6807","post","type-post","status-publish","format-standard","has-post-thumbnail","hentry","category-internacional"],"_links":{"self":[{"href":"https:\/\/noticierotamaulipeco.info\/index.php?rest_route=\/wp\/v2\/posts\/6807","targetHints":{"allow":["GET"]}}],"collection":[{"href":"https:\/\/noticierotamaulipeco.info\/index.php?rest_route=\/wp\/v2\/posts"}],"about":[{"href":"https:\/\/noticierotamaulipeco.info\/index.php?rest_route=\/wp\/v2\/types\/post"}],"author":[{"embeddable":true,"href":"https:\/\/noticierotamaulipeco.info\/index.php?rest_route=\/wp\/v2\/users\/1"}],"replies":[{"embeddable":true,"href":"https:\/\/noticierotamaulipeco.info\/index.php?rest_route=%2Fwp%2Fv2%2Fcomments&post=6807"}],"version-history":[{"count":1,"href":"https:\/\/noticierotamaulipeco.info\/index.php?rest_route=\/wp\/v2\/posts\/6807\/revisions"}],"predecessor-version":[{"id":6809,"href":"https:\/\/noticierotamaulipeco.info\/index.php?rest_route=\/wp\/v2\/posts\/6807\/revisions\/6809"}],"wp:featuredmedia":[{"embeddable":true,"href":"https:\/\/noticierotamaulipeco.info\/index.php?rest_route=\/wp\/v2\/media\/6808"}],"wp:attachment":[{"href":"https:\/\/noticierotamaulipeco.info\/index.php?rest_route=%2Fwp%2Fv2%2Fmedia&parent=6807"}],"wp:term":[{"taxonomy":"category","embeddable":true,"href":"https:\/\/noticierotamaulipeco.info\/index.php?rest_route=%2Fwp%2Fv2%2Fcategories&post=6807"},{"taxonomy":"post_tag","embeddable":true,"href":"https:\/\/noticierotamaulipeco.info\/index.php?rest_route=%2Fwp%2Fv2%2Ftags&post=6807"}],"curies":[{"name":"wp","href":"https:\/\/api.w.org\/{rel}","templated":true}]}}