{"id":681,"date":"2023-10-14T15:58:02","date_gmt":"2023-10-14T15:58:02","guid":{"rendered":"https:\/\/noticierotamaulipeco.info\/?p=681"},"modified":"2023-10-30T16:00:43","modified_gmt":"2023-10-30T16:00:43","slug":"bruce-willis-empeora-ya-no-puede-hablar-ni-leer-tras-su-diagnostico-de-demencia","status":"publish","type":"post","link":"https:\/\/noticierotamaulipeco.info\/?p=681","title":{"rendered":"Bruce Willis empeora, ya no puede hablar\u00a0ni leer tras su diagn\u00f3stico de demencia"},"content":{"rendered":"\n<p>14 de octubre 2023-. El amigo del actor de Hollywood, Glenn Gordon Caron, confes\u00f3 que el deterioro en la salud del protagonista de &#8220;Duro de matar&#8221; es evidente<\/p>\n\n\n\n<figure class=\"wp-block-image size-full\"><img loading=\"lazy\" decoding=\"async\" width=\"960\" height=\"540\" src=\"https:\/\/noticierotamaulipeco.info\/wp-content\/uploads\/2023\/10\/932fac93-5d89-48f0-ba8f-410a5c614d6b.webp\" alt=\"\" class=\"wp-image-682\" srcset=\"https:\/\/noticierotamaulipeco.info\/wp-content\/uploads\/2023\/10\/932fac93-5d89-48f0-ba8f-410a5c614d6b.webp 960w, https:\/\/noticierotamaulipeco.info\/wp-content\/uploads\/2023\/10\/932fac93-5d89-48f0-ba8f-410a5c614d6b-300x169.webp 300w, https:\/\/noticierotamaulipeco.info\/wp-content\/uploads\/2023\/10\/932fac93-5d89-48f0-ba8f-410a5c614d6b-768x432.webp 768w\" sizes=\"auto, (max-width: 960px) 100vw, 960px\" \/><\/figure>\n\n\n\n<p>Las noticias sobre el estado de salud de&nbsp;Bruce Willis&nbsp;son desalentadoras, ya que recientemente un amigo del actor dej\u00f3 ver que&nbsp;tras ser diagnosticado con&nbsp;demencia&nbsp;frontotemporal,&nbsp;ha perdido la capacidad de hablar y de leer.&nbsp;Despu\u00e9s de que se diera a conocer esta actualizaci\u00f3n sobre c\u00f3mo se encuentra el protagonista de pel\u00edculas de acci\u00f3n, sus fans est\u00e1n preocupados, pues&nbsp;aparentemente la enfermedad avanz\u00f3 muy r\u00e1pido en tan solo 8 meses.&nbsp;&nbsp;<\/p>\n\n\n\n<figure class=\"wp-block-image\"><img decoding=\"async\" src=\"https:\/\/img.elcinco.mx\/s3fs-public\/2023-10\/b1f5d260-eb41-465b-8754-e2f1560f9910.jpg?auto=format,compress&amp;fit=crop\" alt=\"Bruce Willis empeora, ya no puede hablar\u00a0ni leer tras su diagn\u00f3stico de demencia\"\/><\/figure>\n","protected":false},"excerpt":{"rendered":"<p>14 de octubre 2023-. El amigo del actor de Hollywood, Glenn Gordon Caron, confes\u00f3 que&#8230;<\/p>\n","protected":false},"author":1,"featured_media":682,"comment_status":"open","ping_status":"open","sticky":false,"template":"","format":"standard","meta":{"footnotes":""},"categories":[7],"tags":[],"class_list":["post-681","post","type-post","status-publish","format-standard","has-post-thumbnail","hentry","category-espectaculos"],"_links":{"self":[{"href":"https:\/\/noticierotamaulipeco.info\/index.php?rest_route=\/wp\/v2\/posts\/681","targetHints":{"allow":["GET"]}}],"collection":[{"href":"https:\/\/noticierotamaulipeco.info\/index.php?rest_route=\/wp\/v2\/posts"}],"about":[{"href":"https:\/\/noticierotamaulipeco.info\/index.php?rest_route=\/wp\/v2\/types\/post"}],"author":[{"embeddable":true,"href":"https:\/\/noticierotamaulipeco.info\/index.php?rest_route=\/wp\/v2\/users\/1"}],"replies":[{"embeddable":true,"href":"https:\/\/noticierotamaulipeco.info\/index.php?rest_route=%2Fwp%2Fv2%2Fcomments&post=681"}],"version-history":[{"count":1,"href":"https:\/\/noticierotamaulipeco.info\/index.php?rest_route=\/wp\/v2\/posts\/681\/revisions"}],"predecessor-version":[{"id":683,"href":"https:\/\/noticierotamaulipeco.info\/index.php?rest_route=\/wp\/v2\/posts\/681\/revisions\/683"}],"wp:featuredmedia":[{"embeddable":true,"href":"https:\/\/noticierotamaulipeco.info\/index.php?rest_route=\/wp\/v2\/media\/682"}],"wp:attachment":[{"href":"https:\/\/noticierotamaulipeco.info\/index.php?rest_route=%2Fwp%2Fv2%2Fmedia&parent=681"}],"wp:term":[{"taxonomy":"category","embeddable":true,"href":"https:\/\/noticierotamaulipeco.info\/index.php?rest_route=%2Fwp%2Fv2%2Fcategories&post=681"},{"taxonomy":"post_tag","embeddable":true,"href":"https:\/\/noticierotamaulipeco.info\/index.php?rest_route=%2Fwp%2Fv2%2Ftags&post=681"}],"curies":[{"name":"wp","href":"https:\/\/api.w.org\/{rel}","templated":true}]}}