{"id":6810,"date":"2025-10-24T19:45:00","date_gmt":"2025-10-24T19:45:00","guid":{"rendered":"https:\/\/noticierotamaulipeco.info\/?p=6810"},"modified":"2025-10-28T19:48:14","modified_gmt":"2025-10-28T19:48:14","slug":"la-ia-nuevo-desafio-en-la-lucha-contra-el-abuso-sexual-de-menores-en-internet","status":"publish","type":"post","link":"https:\/\/noticierotamaulipeco.info\/?p=6810","title":{"rendered":"La IA, nuevo desaf\u00edo en la lucha contra el abuso sexual de menores en internet"},"content":{"rendered":"\n<p>24 Octubre, 2025<\/p>\n\n\n\n<p>La\u00a0<strong>inteligencia artificial<\/strong>\u00a0(IA) generativa y la IA conversacional constituyen dos nuevos \u201c<strong>desaf\u00edos<\/strong>\u201d en la\u00a0<strong>lucha<\/strong>\u00a0contra el\u00a0<strong>abuso sexual de menores<\/strong>\u00a0en\u00a0<strong>internet<\/strong>, seg\u00fan se\u00f1al\u00f3 el eurodiputado del Partido Popular espa\u00f1ol Javier Zarzalejos en una jornada organizada por la Oficina del Parlamento Europeo en Espa\u00f1a sobre c\u00f3mo proteger a los menores en las redes.<\/p>\n\n\n\n<p>Estamos, en lo que se refiere a la protecci\u00f3n de los menores, en una situaci\u00f3n cr\u00edtica. En todos los \u00e1mbitos digitales la situaci\u00f3n de la protecci\u00f3n de los menores ha empeorado\u201d, recalc\u00f3 el eurodiputado, ponente en el Parlamento Europeo del informe sobre el reglamento para prevenir y combatir el abuso sexual de los menores en internet.<\/p>\n\n\n\n<p>A\u00f1adi\u00f3 que no se refiere solo al aumento de la \u201ccirculaci\u00f3n de&nbsp;<strong>contenidos<\/strong>&nbsp;de&nbsp;<strong>abuso<\/strong>&nbsp;<strong>sexual<\/strong>\u201c, sino a la aparici\u00f3n de \u201c<strong>depredadores<\/strong>&nbsp;que ahora no buscan generar&nbsp;<strong>im\u00e1genes pornogr\u00e1ficas infantiles<\/strong>&nbsp;en la red, sino inducir a los menores a producirse da\u00f1o, inducirles al suicidio, pero tambi\u00e9n a la comisi\u00f3n de actos de violencia o reclutamiento para organizaciones criminales o de trata de personas\u201d.<\/p>\n\n\n\n<p>\u201cLos culpables de esto son los que hacen estas cosas\u201d, enfatiz\u00f3 el eurodiputado sobre las redes y criminales a los que hay que combatir \u201cen el mundo real\u201d, a la par que \u201cvemos qu\u00e9 es lo que podemos hacer en el mundo digital\u201d.<\/p>\n\n\n\n<p>Adem\u00e1s de se\u00f1alar que las v\u00edctimas son cada vez de menor edad y que se aprecia \u201cmayor violencia en los contenidos\u201d, el eurodiputado explic\u00f3 que \u201ctenemos dos nuevos desaf\u00edos\u201d -\u201cla inteligencia artificial generativa\u201d y la \u201cinteligencia artificial conversacional\u201d- y detall\u00f3 la respuesta que se ha dado para prevenir y combatir el&nbsp;<strong>abuso sexual infantil<\/strong>.<\/p>\n\n\n\n<p>\u201cEl Parlamento Europeo tiene ya aprobado desde hace dos a\u00f1os su propio informe sobre la propuesta de la Comisi\u00f3n Europea de un reglamento europeo de prevenci\u00f3n y de lucha contra los contenidos de abuso sexual infantil en la red\u201d, expuso Zarzalejos.<\/p>\n\n\n\n<p>Y censur\u00f3: \u201cDesde hace dos a\u00f1os los Estados miembros, es decir, el Consejo, no ha sido capaz de generar una posici\u00f3n com\u00fan que permita al Parlamento entrar en la negociaci\u00f3n con los Estados miembros para que ese reglamento sea una realidad\u201d.<\/p>\n\n\n\n<h2 class=\"wp-block-heading\">&nbsp;Una iniciativa de Europol o el tel\u00e9fono 017<\/h2>\n\n\n\n<p>Compartieron el debate con Zarzalejos la directora general de FAD Juventud, Beatriz Mart\u00edn, y Beatriz Izquierdo, licenciada en derecho especializada en criminolog\u00eda.<\/p>\n\n\n\n<p>Adem\u00e1s de poner en valor que las fuerzas y cuerpos de seguridad, las fiscal\u00edas de menores y la judicatura \u201cllevan mucho tiempo intentando buscar soluciones para proteger a nuestros menores en el plano f\u00edsico y en el plano online\u201d, Izquierdo tambi\u00e9n visibiliz\u00f3 la iniciativa de la Europol \u2018Stop Child Abuse \u2013 Trace An Object\u2019.<\/p>\n\n\n\n<p>Ese proyecto permite a los ciudadanos proporcionar informaci\u00f3n reconociendo objetos en im\u00e1genes para ayudar a resolver casos de abuso infantil.<\/p>\n\n\n\n<p>Otra iniciativa de la que se habl\u00f3 en la jornada fue el 017, el n\u00famero de tel\u00e9fono gratuito que ofrece en Espa\u00f1a ayuda en materia de ciberseguridad y que gestiona el Instituto Nacional de Ciberseguridad de Espa\u00f1a (INCIBE).<\/p>\n\n\n\n<p>El ministro para la Transformaci\u00f3n Digital y de la Funci\u00f3n P\u00fablica de Espa\u00f1a, \u00d3scar L\u00f3pez, anunci\u00f3 en la inauguraci\u00f3n de la jornada que habr\u00e1 una campa\u00f1a de informaci\u00f3n sobre la existencia del 017, que el a\u00f1o pasado recibi\u00f3 alrededor de 100 mil llamadas, \u201cmuchas\u201d de las cuales eran de padres haciendo consultas sobre acoso a sus hijos en redes o escuelas.<\/p>\n","protected":false},"excerpt":{"rendered":"<p>24 Octubre, 2025 La\u00a0inteligencia artificial\u00a0(IA) generativa y la IA conversacional constituyen dos nuevos \u201cdesaf\u00edos\u201d en&#8230;<\/p>\n","protected":false},"author":1,"featured_media":6811,"comment_status":"open","ping_status":"open","sticky":false,"template":"","format":"standard","meta":{"footnotes":""},"categories":[5],"tags":[],"class_list":["post-6810","post","type-post","status-publish","format-standard","has-post-thumbnail","hentry","category-internacional"],"_links":{"self":[{"href":"https:\/\/noticierotamaulipeco.info\/index.php?rest_route=\/wp\/v2\/posts\/6810","targetHints":{"allow":["GET"]}}],"collection":[{"href":"https:\/\/noticierotamaulipeco.info\/index.php?rest_route=\/wp\/v2\/posts"}],"about":[{"href":"https:\/\/noticierotamaulipeco.info\/index.php?rest_route=\/wp\/v2\/types\/post"}],"author":[{"embeddable":true,"href":"https:\/\/noticierotamaulipeco.info\/index.php?rest_route=\/wp\/v2\/users\/1"}],"replies":[{"embeddable":true,"href":"https:\/\/noticierotamaulipeco.info\/index.php?rest_route=%2Fwp%2Fv2%2Fcomments&post=6810"}],"version-history":[{"count":1,"href":"https:\/\/noticierotamaulipeco.info\/index.php?rest_route=\/wp\/v2\/posts\/6810\/revisions"}],"predecessor-version":[{"id":6812,"href":"https:\/\/noticierotamaulipeco.info\/index.php?rest_route=\/wp\/v2\/posts\/6810\/revisions\/6812"}],"wp:featuredmedia":[{"embeddable":true,"href":"https:\/\/noticierotamaulipeco.info\/index.php?rest_route=\/wp\/v2\/media\/6811"}],"wp:attachment":[{"href":"https:\/\/noticierotamaulipeco.info\/index.php?rest_route=%2Fwp%2Fv2%2Fmedia&parent=6810"}],"wp:term":[{"taxonomy":"category","embeddable":true,"href":"https:\/\/noticierotamaulipeco.info\/index.php?rest_route=%2Fwp%2Fv2%2Fcategories&post=6810"},{"taxonomy":"post_tag","embeddable":true,"href":"https:\/\/noticierotamaulipeco.info\/index.php?rest_route=%2Fwp%2Fv2%2Ftags&post=6810"}],"curies":[{"name":"wp","href":"https:\/\/api.w.org\/{rel}","templated":true}]}}