{"id":6813,"date":"2025-10-28T19:57:19","date_gmt":"2025-10-28T19:57:19","guid":{"rendered":"https:\/\/noticierotamaulipeco.info\/?p=6813"},"modified":"2025-10-28T19:57:20","modified_gmt":"2025-10-28T19:57:20","slug":"huracan-melissa-sre-pone-a-disposicion-de-mexicanos-los-numeros-de-atencion-consular","status":"publish","type":"post","link":"https:\/\/noticierotamaulipeco.info\/?p=6813","title":{"rendered":"Hurac\u00e1n \u201cMelissa\u201d: SRE pone a disposici\u00f3n de mexicanos los n\u00fameros de atenci\u00f3n consular"},"content":{"rendered":"\n<p>28 Octubre, 2025 <\/p>\n\n\n\n<p>La\u00a0<strong>Secretaria de Relaciones Exteriores<\/strong>\u00a0(<strong>SRE<\/strong>) dispuso los n\u00fameros de emergencia y de atenci\u00f3n consular a los\u00a0<strong>mexicanos<\/strong>\u00a0que se encuentran en los pa\u00edses que se prev\u00e9 sean afectados por el\u00a0<strong>hurac\u00e1n \u201cMelissa\u201d<\/strong>\u00a0en las pr\u00f3ximas horas.<\/p>\n\n\n\n<p>\u201cRecomendamos extremar precauciones y permanecer permanentemente en alerta de las notificaciones e instrucciones de cuidado y prevenci\u00f3n de las autoridades locales\u201d, indic\u00f3 por medio de un aviso en redes sociales.<\/p>\n\n\n\n<p>Canciller\u00eda revel\u00f3 los n\u00fameros de emergencia de sus representaciones ubicadas en la trayectoria prevista del cicl\u00f3n:<\/p>\n\n\n\n<ul class=\"wp-block-list\">\n<li><strong>Jamaica<\/strong>\u00a0@EmbaMexJam:\u00a0+1 (876) 832-8711).<\/li>\n\n\n\n<li><strong>Cuba\u00a0<\/strong>@EmbaMexCuba: Marcaci\u00f3n local, 5286 9620.<\/li>\n\n\n\n<li><strong>Hait\u00ed<\/strong>\u00a0@EmbamexHaiti: Marcaci\u00f3n local, 3849 0085.<\/li>\n\n\n\n<li><strong>Rep\u00fablica Dominicana<\/strong>\u00a0@EmbamexREPDOM:\u00a0Marcaci\u00f3n local: 809 669 6501.<\/li>\n<\/ul>\n\n\n\n<p>Las representaciones se encuentran en contacto con las y los connacionales de dichos pa\u00edses. Se reitera el llamado a los connacionales para que se inscriban en el Sistema de Registro para Personas Mexicanas en el Exterior (SIRME).\u00a0https:\/\/sirme.sre.gob.mx<\/p>\n\n\n\n<p>\u201cLa Canciller\u00eda se encuentra en comunicaci\u00f3n permanente con las distintas representaciones para dar seguimiento puntual al transcurso del hurac\u00e1n y reitera su compromiso de atender y proteger a las y los connacionales\u201d, apunt\u00f3 la dependencia federal.<\/p>\n\n\n\n<p>El potente hurac\u00e1n \u201cMelissa\u201d toc\u00f3 tierra este\u00a0martes 28 de octubre de 2025\u00a0en Jamaica con vientos m\u00e1ximos sostenidos cercanos a los 295 kil\u00f3metros por hora (183 millas), lluvias torrenciales y marejadas que amenazan con provocar inundaciones y da\u00f1os catastr\u00f3ficos.<\/p>\n\n\n\n<p>El cicl\u00f3n, el de mayor intensidad esta temporada en el Atl\u00e1ntico, entr\u00f3 a Jamaica cerca de la localidad de Black River, en el suroeste de la isla, convertido en un hurac\u00e1n de categor\u00eda 5, inform\u00f3 el Centro Nacional de Huracanes (NHC, en ingl\u00e9s) de Estados Unidos.<\/p>\n\n\n\n<p>El organismo prev\u00e9 que Melissa mantenga su intensidad extrema antes de cruzar el sureste de Cuba el mi\u00e9rcoles y llegar a las Bahamas el jueves.<\/p>\n\n\n\n<p>Se trata del primer hurac\u00e1n que toca tierra en el Atl\u00e1ntico como categor\u00eda 5 desde 2019, cuando \u201cDorian\u201d golpe\u00f3 en Bahamas.<\/p>\n","protected":false},"excerpt":{"rendered":"<p>28 Octubre, 2025 La\u00a0Secretaria de Relaciones Exteriores\u00a0(SRE) dispuso los n\u00fameros de emergencia y de atenci\u00f3n&#8230;<\/p>\n","protected":false},"author":1,"featured_media":6815,"comment_status":"open","ping_status":"open","sticky":false,"template":"","format":"standard","meta":{"footnotes":""},"categories":[5],"tags":[],"class_list":["post-6813","post","type-post","status-publish","format-standard","has-post-thumbnail","hentry","category-internacional"],"_links":{"self":[{"href":"https:\/\/noticierotamaulipeco.info\/index.php?rest_route=\/wp\/v2\/posts\/6813","targetHints":{"allow":["GET"]}}],"collection":[{"href":"https:\/\/noticierotamaulipeco.info\/index.php?rest_route=\/wp\/v2\/posts"}],"about":[{"href":"https:\/\/noticierotamaulipeco.info\/index.php?rest_route=\/wp\/v2\/types\/post"}],"author":[{"embeddable":true,"href":"https:\/\/noticierotamaulipeco.info\/index.php?rest_route=\/wp\/v2\/users\/1"}],"replies":[{"embeddable":true,"href":"https:\/\/noticierotamaulipeco.info\/index.php?rest_route=%2Fwp%2Fv2%2Fcomments&post=6813"}],"version-history":[{"count":1,"href":"https:\/\/noticierotamaulipeco.info\/index.php?rest_route=\/wp\/v2\/posts\/6813\/revisions"}],"predecessor-version":[{"id":6816,"href":"https:\/\/noticierotamaulipeco.info\/index.php?rest_route=\/wp\/v2\/posts\/6813\/revisions\/6816"}],"wp:featuredmedia":[{"embeddable":true,"href":"https:\/\/noticierotamaulipeco.info\/index.php?rest_route=\/wp\/v2\/media\/6815"}],"wp:attachment":[{"href":"https:\/\/noticierotamaulipeco.info\/index.php?rest_route=%2Fwp%2Fv2%2Fmedia&parent=6813"}],"wp:term":[{"taxonomy":"category","embeddable":true,"href":"https:\/\/noticierotamaulipeco.info\/index.php?rest_route=%2Fwp%2Fv2%2Fcategories&post=6813"},{"taxonomy":"post_tag","embeddable":true,"href":"https:\/\/noticierotamaulipeco.info\/index.php?rest_route=%2Fwp%2Fv2%2Ftags&post=6813"}],"curies":[{"name":"wp","href":"https:\/\/api.w.org\/{rel}","templated":true}]}}