{"id":6866,"date":"2025-11-03T19:23:19","date_gmt":"2025-11-03T19:23:19","guid":{"rendered":"https:\/\/noticierotamaulipeco.info\/?p=6866"},"modified":"2025-11-04T19:27:14","modified_gmt":"2025-11-04T19:27:14","slug":"grupos-latinos-exigen-al-gobierno-de-trump-que-rinda-cuentas-por-acciones-contra-migrantes","status":"publish","type":"post","link":"https:\/\/noticierotamaulipeco.info\/?p=6866","title":{"rendered":"Grupos latinos exigen al Gobierno de Trump que rinda cuentas por acciones contra migrantes"},"content":{"rendered":"\n<p>03 Noviembre, 2025<\/p>\n\n\n\n<p>El\u00a0<strong>Caucus Hispano del Congreso (CHC) y la Federaci\u00f3n Hispana<\/strong>\u00a0lanzaron este lunes una campa\u00f1a para exigir al Gobierno del presidente estadounidense,\u00a0<strong>Donald Trump<\/strong>, que rinda cuentas por sus pol\u00edticas contra la comunidad migrante, incluidas las\u00a0<strong>detenciones y deportaciones masivas<\/strong>, y que garantice el respeto al debido proceso.<\/p>\n\n\n\n<p>La campa\u00f1a aboga por \u201crestablecer la supervisi\u00f3n del&nbsp;<strong>Congreso<\/strong>&nbsp;sobre la aplicaci\u00f3n de las leyes de inmigraci\u00f3n\u201d, as\u00ed como por \u201creformar el&nbsp;<strong>Servicio de Inmigraci\u00f3n y Control de Aduanas (ICE, en ingl\u00e9s)<\/strong>&nbsp;para garantizar la rendici\u00f3n de cuentas y promover la seguridad p\u00fablica\u201d, seg\u00fan un comunicado de las asociaciones.<\/p>\n\n\n\n<p>En concreto, la&nbsp;<strong>coalici\u00f3n de grupos hispanos<\/strong>&nbsp;propuso reformar los protocolos policiales a nivel federal; garantizar el debido proceso; balancear la seguridad p\u00fablica con los derechos humanos; fortalecer la transparencia y supervisi\u00f3n, y canalizar fondos hacia metas humanitarias.<\/p>\n\n\n\n<p>Su puesta en marcha se produce en medio de un&nbsp;<strong>endurecimiento de las pol\u00edticas migratorias<\/strong>&nbsp;por todo el pa\u00eds, que ha dado lugar a redadas masivas y al despliegue de la&nbsp;<strong>Guardia Nacional<\/strong>&nbsp;en ciudades como&nbsp;<strong>Los \u00c1ngeles, Washington y Memphis<\/strong>&nbsp;para proteger a las autoridades migratorias en sus redadas.<\/p>\n\n\n\n<p>Los operativos del&nbsp;<strong>ICE<\/strong>&nbsp;han estado a menudo rodeados de&nbsp;<strong>cr\u00edticas de activistas y pol\u00edticos dem\u00f3cratas<\/strong>&nbsp;que denuncian un empleo desmedido de la fuerza para los arrestos.<\/p>\n\n\n\n<p>As\u00ed, el presidente de la&nbsp;<strong>CHC<\/strong>&nbsp;y congresista dem\u00f3crata,&nbsp;<strong>Adriano Espaillat<\/strong>, describi\u00f3 en el comunicado las medidas del Gobierno como \u201cuna guerra urbana\u201d y lament\u00f3 que los agentes del&nbsp;<strong>ICE<\/strong>&nbsp;realicen arrestos sin identificarse, ocultos por una m\u00e1scara y sin su n\u00famero de placa.<\/p>\n\n\n\n<p>La campa\u00f1a comienza cuatro meses despu\u00e9s de que el&nbsp;<strong>Congreso<\/strong>&nbsp;aprobara una asignaci\u00f3n de 170 mil millones de d\u00f3lares adicionales al&nbsp;<strong>ICE<\/strong>&nbsp;para deportaciones masivas el pasado julio.<\/p>\n\n\n\n<p>La organizaci\u00f3n&nbsp;<strong>Voto Latino<\/strong>&nbsp;tambi\u00e9n se uni\u00f3 a ella, denunciando que&nbsp;<strong>Trump<\/strong>&nbsp;\u201cha empujado a\u00fan m\u00e1s a las familias inmigrantes a la clandestinidad\u201d y no ha velado por la seguridad p\u00fablica y el estado de derecho.<\/p>\n\n\n\n<p>Adem\u00e1s, se\u00f1al\u00f3 que el&nbsp;<strong>Departamento de Estado (DHS, en ingl\u00e9s),<\/strong>&nbsp;del que dependen las acciones del&nbsp;<strong>ICE,<\/strong>&nbsp;\u201cse ha extralimitado y sigue operando con escasa o nula supervisi\u00f3n\u201d.<\/p>\n\n\n\n<p><\/p>\n","protected":false},"excerpt":{"rendered":"<p>03 Noviembre, 2025 El\u00a0Caucus Hispano del Congreso (CHC) y la Federaci\u00f3n Hispana\u00a0lanzaron este lunes una&#8230;<\/p>\n","protected":false},"author":1,"featured_media":6867,"comment_status":"open","ping_status":"open","sticky":false,"template":"","format":"standard","meta":{"footnotes":""},"categories":[5],"tags":[],"class_list":["post-6866","post","type-post","status-publish","format-standard","has-post-thumbnail","hentry","category-internacional"],"_links":{"self":[{"href":"https:\/\/noticierotamaulipeco.info\/index.php?rest_route=\/wp\/v2\/posts\/6866","targetHints":{"allow":["GET"]}}],"collection":[{"href":"https:\/\/noticierotamaulipeco.info\/index.php?rest_route=\/wp\/v2\/posts"}],"about":[{"href":"https:\/\/noticierotamaulipeco.info\/index.php?rest_route=\/wp\/v2\/types\/post"}],"author":[{"embeddable":true,"href":"https:\/\/noticierotamaulipeco.info\/index.php?rest_route=\/wp\/v2\/users\/1"}],"replies":[{"embeddable":true,"href":"https:\/\/noticierotamaulipeco.info\/index.php?rest_route=%2Fwp%2Fv2%2Fcomments&post=6866"}],"version-history":[{"count":1,"href":"https:\/\/noticierotamaulipeco.info\/index.php?rest_route=\/wp\/v2\/posts\/6866\/revisions"}],"predecessor-version":[{"id":6868,"href":"https:\/\/noticierotamaulipeco.info\/index.php?rest_route=\/wp\/v2\/posts\/6866\/revisions\/6868"}],"wp:featuredmedia":[{"embeddable":true,"href":"https:\/\/noticierotamaulipeco.info\/index.php?rest_route=\/wp\/v2\/media\/6867"}],"wp:attachment":[{"href":"https:\/\/noticierotamaulipeco.info\/index.php?rest_route=%2Fwp%2Fv2%2Fmedia&parent=6866"}],"wp:term":[{"taxonomy":"category","embeddable":true,"href":"https:\/\/noticierotamaulipeco.info\/index.php?rest_route=%2Fwp%2Fv2%2Fcategories&post=6866"},{"taxonomy":"post_tag","embeddable":true,"href":"https:\/\/noticierotamaulipeco.info\/index.php?rest_route=%2Fwp%2Fv2%2Ftags&post=6866"}],"curies":[{"name":"wp","href":"https:\/\/api.w.org\/{rel}","templated":true}]}}