{"id":6879,"date":"2025-11-04T16:28:26","date_gmt":"2025-11-04T16:28:26","guid":{"rendered":"https:\/\/noticierotamaulipeco.info\/?p=6879"},"modified":"2025-11-05T16:29:12","modified_gmt":"2025-11-05T16:29:12","slug":"rector-de-la-uat-asiste-a-reunion-de-universidades-con-claudia-sheinbaum","status":"publish","type":"post","link":"https:\/\/noticierotamaulipeco.info\/?p=6879","title":{"rendered":"Rector de la UAT asiste a reuni\u00f3n de universidades con Claudia Sheinbaum"},"content":{"rendered":"\n<p>4 de noviembre del 2025<\/p>\n\n\n\n<p><strong>&#8220;<\/strong>&nbsp;El rector de la Universidad Aut\u00f3noma de Tamaulipas (UAT), D\u00e1maso Anaya Alvarado, estuvo presente este martes en la Primera Reuni\u00f3n Nacional de Universidades e Instituciones P\u00fablicas de Educaci\u00f3n Superior para la Transformaci\u00f3n de M\u00e9xico, acto que encabez\u00f3 la presidenta Claudia Sheinbaum Pardo.&nbsp;<strong>&#8220;<\/strong><\/p>\n\n\n\n<p>\u200b<\/p>\n\n\n\n<p>Ciudad de M\u00e9xico; 4 de noviembre de 2025.<\/p>\n\n\n\n<p>Con la presencia de rectoras y rectores de universidades de todo el pa\u00eds, el evento se llev\u00f3 a cabo en el edificio de la Secretar\u00eda de Educaci\u00f3n P\u00fablica (SEP) en la Ciudad de M\u00e9xico, para establecer una estrategia conjunta de transformaci\u00f3n y fortalecimiento del sistema educativo nacional.<\/p>\n\n\n\n<p>El evento cont\u00f3 tambi\u00e9n con la presencia del secretario de Educaci\u00f3n P\u00fablica, Mario Delgado Carrillo; la secretaria de Ciencias, Humanidades, Tecnolog\u00eda e Innovaci\u00f3n, Rosaura Ruiz Guti\u00e9rrez; el subsecretario de Educaci\u00f3n Superior, Ricardo Villanueva Lomel\u00ed; y el secretario general ejecutivo de la Asociaci\u00f3n Nacional de Universidades e Instituciones de Educaci\u00f3n Superior (ANUIES), Luis Armando Gonz\u00e1lez Placencia, entre otras autoridades.<\/p>\n\n\n\n<p>En este marco, se presentaron l\u00edneas estrat\u00e9gicas de colaboraci\u00f3n entre el Gobierno de M\u00e9xico y las universidades, as\u00ed como el lanzamiento de la plataforma Saberes MX, iniciativa que busca democratizar el acceso al conocimiento y promover el aprendizaje a lo largo de la vida.<\/p>\n\n\n\n<p>La presidenta Claudia Sheinbaum reafirm\u00f3 el compromiso de su gobierno con la educaci\u00f3n p\u00fablica como motor de transformaci\u00f3n nacional, destacando que se impulsar\u00e1 una formaci\u00f3n gratuita, humanista y con equidad social.<\/p>\n\n\n\n<p>Convoc\u00f3 tambi\u00e9n a las universidades a sumar esfuerzos para ampliar la matr\u00edcula y fortalecer el bienestar estudiantil, e invit\u00f3 a participar en la plataforma Saberes MX, destinada a compartir conocimiento en beneficio del pueblo.<\/p>\n\n\n\n<p>Al asistir a este encuentro nacional, el rector D\u00e1maso Anaya expres\u00f3 el respaldo de la UAT a las iniciativas nacionales que fortalezcan la justicia social, la equidad y la transformaci\u00f3n educativa, reiterando el compromiso institucional con la formaci\u00f3n de profesionistas conscientes, cr\u00edticos y solidarios.<\/p>\n\n\n\n<figure class=\"wp-block-image\"><img decoding=\"async\" src=\"https:\/\/www.uat.edu.mx\/noticias\/PublishingImages\/2024\/05\/2_YLO631.jpg\" alt=\"\"\/><\/figure>\n","protected":false},"excerpt":{"rendered":"<p>4 de noviembre del 2025 &#8220;&nbsp;El rector de la Universidad Aut\u00f3noma de Tamaulipas (UAT), D\u00e1maso&#8230;<\/p>\n","protected":false},"author":1,"featured_media":6881,"comment_status":"open","ping_status":"open","sticky":false,"template":"","format":"standard","meta":{"footnotes":""},"categories":[4],"tags":[],"class_list":["post-6879","post","type-post","status-publish","format-standard","has-post-thumbnail","hentry","category-educacion"],"_links":{"self":[{"href":"https:\/\/noticierotamaulipeco.info\/index.php?rest_route=\/wp\/v2\/posts\/6879","targetHints":{"allow":["GET"]}}],"collection":[{"href":"https:\/\/noticierotamaulipeco.info\/index.php?rest_route=\/wp\/v2\/posts"}],"about":[{"href":"https:\/\/noticierotamaulipeco.info\/index.php?rest_route=\/wp\/v2\/types\/post"}],"author":[{"embeddable":true,"href":"https:\/\/noticierotamaulipeco.info\/index.php?rest_route=\/wp\/v2\/users\/1"}],"replies":[{"embeddable":true,"href":"https:\/\/noticierotamaulipeco.info\/index.php?rest_route=%2Fwp%2Fv2%2Fcomments&post=6879"}],"version-history":[{"count":1,"href":"https:\/\/noticierotamaulipeco.info\/index.php?rest_route=\/wp\/v2\/posts\/6879\/revisions"}],"predecessor-version":[{"id":6882,"href":"https:\/\/noticierotamaulipeco.info\/index.php?rest_route=\/wp\/v2\/posts\/6879\/revisions\/6882"}],"wp:featuredmedia":[{"embeddable":true,"href":"https:\/\/noticierotamaulipeco.info\/index.php?rest_route=\/wp\/v2\/media\/6881"}],"wp:attachment":[{"href":"https:\/\/noticierotamaulipeco.info\/index.php?rest_route=%2Fwp%2Fv2%2Fmedia&parent=6879"}],"wp:term":[{"taxonomy":"category","embeddable":true,"href":"https:\/\/noticierotamaulipeco.info\/index.php?rest_route=%2Fwp%2Fv2%2Fcategories&post=6879"},{"taxonomy":"post_tag","embeddable":true,"href":"https:\/\/noticierotamaulipeco.info\/index.php?rest_route=%2Fwp%2Fv2%2Ftags&post=6879"}],"curies":[{"name":"wp","href":"https:\/\/api.w.org\/{rel}","templated":true}]}}