{"id":6892,"date":"2025-11-07T15:33:18","date_gmt":"2025-11-07T15:33:18","guid":{"rendered":"https:\/\/noticierotamaulipeco.info\/?p=6892"},"modified":"2025-11-10T15:34:22","modified_gmt":"2025-11-10T15:34:22","slug":"formara-la-uat-especialistas-en-tecnologias-emergentes-en-la-educacion","status":"publish","type":"post","link":"https:\/\/noticierotamaulipeco.info\/?p=6892","title":{"rendered":"Formar\u00e1 la UAT especialistas en tecnolog\u00edas emergentes en la educaci\u00f3n"},"content":{"rendered":"\n<p>7 de noviembre del 2025<\/p>\n\n\n\n<p><strong>&#8220;<\/strong>&nbsp;Con el prop\u00f3sito de formar docentes expertos en el uso de las nuevas tecnolog\u00edas y herramientas de vanguardia en el proceso de ense\u00f1anza-aprendizaje, la Universidad Aut\u00f3noma de Tamaulipas (UAT) impartir\u00e1, totalmente en l\u00ednea, la Licenciatura en Educaci\u00f3n y Tecnolog\u00edas Emergentes.&nbsp;<strong>&#8220;<\/strong><\/p>\n\n\n\n<p>\u200b<\/p>\n\n\n\n<p>Ciudad Victoria, Tam.;07 de&nbsp; noviembre de 2025.<\/p>\n\n\n\n<p>Esta nueva carrera, que dar\u00e1 inicio en enero de 2026, a trav\u00e9s de la Facultad de Ciencias de la Educaci\u00f3n y Humanidades (FCEH) del Campus Victoria, forma parte de la nueva oferta de educaci\u00f3n superior que puso en marcha el rector D\u00e1maso Anaya Alvarado para ampliar la cobertura y ofrecer programas educativos pertinentes que respondan a las necesidades de la sociedad.<\/p>\n\n\n\n<p>Al respecto, el coordinador de la Licenciatura en Educaci\u00f3n y Tecnolog\u00edas Emergentes de la FCEH, Rodrigo Alejandro Galv\u00e1n Hern\u00e1ndez, dijo que el programa est\u00e1 dise\u00f1ado en l\u00ednea para brindar, desde cualquier sitio, flexibilidad y acceso a la educaci\u00f3n, adem\u00e1s de permitir al estudiante adaptar el aprendizaje a sus horarios.<\/p>\n\n\n\n<p>Refiri\u00f3 que el objetivo es la incorporaci\u00f3n de la tecnolog\u00eda a la educaci\u00f3n, lo que ha sido un reto para los docentes de todos los niveles, porque estas herramientas cambian y evolucionan a un ritmo acelerado.<\/p>\n\n\n\n<p>Por ello, asever\u00f3 que esta carrera tiene en su malla curricular el estudio a profundidad de la inteligencia artificial, con la meta de encontrarle un justo equilibrio a su aplicaci\u00f3n en las aulas.<\/p>\n\n\n\n<p>Destac\u00f3 la importancia de saber conocer, administrar y aplicar las herramientas de inteligencia artificial, ya que su uso correcto es uno de los principales retos de la educaci\u00f3n.<\/p>\n\n\n\n<p>Explic\u00f3 que los egresados de esta carrera, adem\u00e1s de prepararse como docentes, estar\u00e1n capacitados para la gesti\u00f3n y elaboraci\u00f3n de proyectos, as\u00ed como para crear innovaciones integrando inteligencia artificial de acuerdo con las necesidades del entorno.<\/p>\n\n\n\n<p>Finalmente, invit\u00f3 a los interesados a conocer esta nueva oferta educativa, que est\u00e1 pensada para j\u00f3venes reci\u00e9n egresados de bachillerato, pero tambi\u00e9n para personas que ya estuvieron en la licenciatura y quieren cambiar de perfil, o porque sus condiciones laborales requieren del uso de las tecnolog\u00edas aplicadas a la educaci\u00f3n o de la inteligencia artificial.<\/p>\n\n\n\n<p>\u200b&nbsp;<\/p>\n\n\n\n<figure class=\"wp-block-image\"><img decoding=\"async\" src=\"https:\/\/www.uat.edu.mx\/noticias\/PublishingImages\/2024\/05\/WhatsApp%20Image%202025-11-07%20at%205.50.31%20PM.jpeg\" alt=\"\"\/><\/figure>\n","protected":false},"excerpt":{"rendered":"<p>7 de noviembre del 2025 &#8220;&nbsp;Con el prop\u00f3sito de formar docentes expertos en el uso&#8230;<\/p>\n","protected":false},"author":1,"featured_media":6893,"comment_status":"open","ping_status":"open","sticky":false,"template":"","format":"standard","meta":{"footnotes":""},"categories":[4],"tags":[],"class_list":["post-6892","post","type-post","status-publish","format-standard","has-post-thumbnail","hentry","category-educacion"],"_links":{"self":[{"href":"https:\/\/noticierotamaulipeco.info\/index.php?rest_route=\/wp\/v2\/posts\/6892","targetHints":{"allow":["GET"]}}],"collection":[{"href":"https:\/\/noticierotamaulipeco.info\/index.php?rest_route=\/wp\/v2\/posts"}],"about":[{"href":"https:\/\/noticierotamaulipeco.info\/index.php?rest_route=\/wp\/v2\/types\/post"}],"author":[{"embeddable":true,"href":"https:\/\/noticierotamaulipeco.info\/index.php?rest_route=\/wp\/v2\/users\/1"}],"replies":[{"embeddable":true,"href":"https:\/\/noticierotamaulipeco.info\/index.php?rest_route=%2Fwp%2Fv2%2Fcomments&post=6892"}],"version-history":[{"count":1,"href":"https:\/\/noticierotamaulipeco.info\/index.php?rest_route=\/wp\/v2\/posts\/6892\/revisions"}],"predecessor-version":[{"id":6894,"href":"https:\/\/noticierotamaulipeco.info\/index.php?rest_route=\/wp\/v2\/posts\/6892\/revisions\/6894"}],"wp:featuredmedia":[{"embeddable":true,"href":"https:\/\/noticierotamaulipeco.info\/index.php?rest_route=\/wp\/v2\/media\/6893"}],"wp:attachment":[{"href":"https:\/\/noticierotamaulipeco.info\/index.php?rest_route=%2Fwp%2Fv2%2Fmedia&parent=6892"}],"wp:term":[{"taxonomy":"category","embeddable":true,"href":"https:\/\/noticierotamaulipeco.info\/index.php?rest_route=%2Fwp%2Fv2%2Fcategories&post=6892"},{"taxonomy":"post_tag","embeddable":true,"href":"https:\/\/noticierotamaulipeco.info\/index.php?rest_route=%2Fwp%2Fv2%2Ftags&post=6892"}],"curies":[{"name":"wp","href":"https:\/\/api.w.org\/{rel}","templated":true}]}}