{"id":6904,"date":"2025-11-10T19:08:33","date_gmt":"2025-11-10T19:08:33","guid":{"rendered":"https:\/\/noticierotamaulipeco.info\/?p=6904"},"modified":"2025-11-10T19:08:33","modified_gmt":"2025-11-10T19:08:33","slug":"grupo-salinas-asegura-que-la-suprema-corte-fallara-en-su-contra-por-presiones-de-sheinbaum","status":"publish","type":"post","link":"https:\/\/noticierotamaulipeco.info\/?p=6904","title":{"rendered":"Grupo Salinas asegura que la Suprema Corte fallar\u00e1 en su contra por &#8216;presiones&#8217; de Sheinbaum"},"content":{"rendered":"\n<p>10 Noviembre, 2025<\/p>\n\n\n\n<p>Grupo Salinas, propiedad del empresario Ricardo Salinas Pliego, acus\u00f3 a la Suprema Corte de Justicia de la Naci\u00f3n (SCJN) de<strong>&nbsp;actuar \u201cal servicio del poder pol\u00edtico\u201d<\/strong>&nbsp;y declar\u00f3 que en M\u00e9xico&nbsp;<strong>\u201cya no existe el Estado de Derecho\u201d,<\/strong>&nbsp;en medio de los litigios fiscales que mantiene con el Servicio de Administraci\u00f3n Tributaria (SAT).<\/p>\n\n\n\n<p>En un nuevo comunicado difundido el domingo, la empresa afirm\u00f3 que el m\u00e1ximo tribunal del pa\u00eds \u201cest\u00e1 integrado por un grupo de ministros&nbsp;<strong>doblegados a la presi\u00f3n pol\u00edtica y sumisos a los intereses de sus verdaderos jefes en el Poder Ejecutivo\u201d,<\/strong>&nbsp;lo que, seg\u00fan el texto, confirma \u201cla destrucci\u00f3n de la democracia\u201d y la \u201cperversi\u00f3n del sistema de justicia\u201d en M\u00e9xico.<\/p>\n\n\n\n<p>El grupo se\u00f1al\u00f3 directamente al<strong>&nbsp;expresidente Andr\u00e9s Manuel L\u00f3pez Obrador y a la presidenta Claudia Sheinbaum<\/strong>&nbsp;de encabezar una \u201ccampa\u00f1a sistem\u00e1tica\u201d para influir en las decisiones judiciales. \u201cLas m\u00e1s de 280 menciones en nuestra contra en sus conferencias matutinas son, entre otros elementos, una clara demostraci\u00f3n de ello\u201d, sostuvo la empresa.<\/p>\n\n\n\n<p><strong>Acusa manipulaci\u00f3n judicial<\/strong><\/p>\n\n\n\n<p>En los pr\u00f3ximos d\u00edas la&nbsp;<strong>Suprema Corte resolver\u00e1 varios de los litigios fiscales<\/strong>&nbsp;de las empresas del conglomerado, y Grupo Salinas&nbsp;<strong>anticip\u00f3 que los fallos ser\u00e1n adversos.<\/strong>&nbsp;\u201cEse d\u00eda, todos los mexicanos atestiguaremos el fin del Poder Judicial como un contrapeso y una herramienta \u00fatil para los mexicanos\u201d, advirti\u00f3.<\/p>\n\n\n\n<p>El texto tambi\u00e9n denunci\u00f3 que<strong>&nbsp;\u201cla inclusi\u00f3n extempor\u00e1nea<\/strong>&nbsp;en la medianoche de este viernes pasado de nuestros asuntos en la lista oficial\u201d de la Corte \u201cya deja claro el sentido de sus resoluciones\u201d, lo cual, asegur\u00f3, \u201cconfirma que la justicia y el Estado de Derecho ya no existen en M\u00e9xico\u201d.<\/p>\n\n\n\n<p>Grupo Salinas acusa que los ministros de la Corte est\u00e1n avalando<strong>&nbsp;\u201clas extorsiones fiscales del SAT\u201d,<\/strong>&nbsp;las cuales, seg\u00fan la empresa, incluyen<strong>&nbsp;\u201ccobros dobles por el mismo impuesto<\/strong>&nbsp;e impuestos por los que nunca se audit\u00f3 a una de nuestras empresas\u201d.<\/p>\n\n\n\n<p>La compa\u00f1\u00eda insisti\u00f3 en que est\u00e1 dispuesta a cumplir con sus obligaciones fiscales \u201cde acuerdo con las resoluciones del propio SAT y las sentencias de los tribunales\u201d, siempre que \u00e9stas<strong>&nbsp;no impliquen lo que considera cobros indebidos.<\/strong><\/p>\n\n\n\n<p>\u201cLo que no haremos jam\u00e1s es&nbsp;<strong>ceder ante los cobros dobles abusivos, inconstitucionales e inmorales<\/strong>&nbsp;inventados por la autoridad con una clara intenci\u00f3n pol\u00edtica: la de callarnos solo por el hecho de pensar diferente a ellos, expresar nuestras opiniones y, aunque les incomode, decirle la verdad a millones de mexicanos\u201d, afirma el documento.<\/p>\n\n\n\n<p><strong>Acciones ante instancias internacionales<\/strong><\/p>\n\n\n\n<p>El conglomerado adelant\u00f3 que continuar\u00e1 su defensa \u201cante instancias m\u00faltiples\u201d y que iniciar\u00e1 acciones ante la&nbsp;<strong>Corte Interamericana de Derechos Humanos,<\/strong>&nbsp;al considerar que las resoluciones de la SCJN \u201cviolan derechos humanos fundamentales como el de audiencia, debido proceso y legalidad\u201d.<\/p>\n\n\n\n<p>Adem\u00e1s, inform\u00f3 que<strong>\u00a0eval\u00faa interponer una demanda contra el SAT<\/strong>\u00a0por \u201cdoloso silencio administrativo\u201d y por negarse a responder a sus solicitudes de di\u00e1logo. \u201cUrgimos nuevamente al SAT a que cuantifique el monto de nuestros cr\u00e9ditos fiscales, conforme a derecho, sin doble cobro y eliminando los exorbitantes recargos, para proceder a liquidarlos\u201d, a\u00f1adi\u00f3.<\/p>\n\n\n\n<p>\u201cQue todo M\u00e9xico lo tenga claro: por m\u00e1s presiones pol\u00edticas, justicia selectiva e intentos por silenciarnos, aqu\u00ed estamos y aqu\u00ed vamos a seguir muchos a\u00f1os m\u00e1s\u201d, concluye el comunicado.<\/p>\n\n\n\n<p><strong>El conflicto con el SAT<\/strong><\/p>\n\n\n\n<p>Grupo Salinas mantiene 32 litigios fiscales con el SAT por un monto total de alrededor de<strong>&nbsp;74 mil millones de pesos,<\/strong>&nbsp;correspondientes a ejercicios entre 2008 y 2013. De acuerdo con el gobierno federal, los casos m\u00e1s pr\u00f3ximos a resolverse en la Suprema Corte implican&nbsp;<strong>adeudos por unos 48 mil millones de pesos.<\/strong><\/p>\n\n\n\n<p>En semanas recientes, el conglomerado<strong>&nbsp;ya hab\u00eda anunciado su intenci\u00f3n<\/strong>&nbsp;de acudir a la Corte Interamericana de Derechos Humanos por lo que considera una \u201cpersecuci\u00f3n sistem\u00e1tica\u201d de las autoridades fiscales.<\/p>\n\n\n\n<p>El SAT, por su parte, ha negado la existencia de cualquier acuerdo formal con Grupo Salinas para resolver los adeudos, y sostiene que el conglomerado&nbsp;<strong>\u201cpuede pagar en cualquier momento sin restricci\u00f3n\u201d.<\/strong><\/p>\n\n\n\n<p>El pasado 28 de octubre, la presidenta Claudia Sheinbaum afirm\u00f3 que el cobro del adeudo fiscal a Grupo Salinas<strong>&nbsp;\u201cno es un asunto personal ni pol\u00edtico\u201d,<\/strong>&nbsp;sino una cuesti\u00f3n t\u00e9cnica.<\/p>\n\n\n\n<p><\/p>\n","protected":false},"excerpt":{"rendered":"<p>10 Noviembre, 2025 Grupo Salinas, propiedad del empresario Ricardo Salinas Pliego, acus\u00f3 a la Suprema&#8230;<\/p>\n","protected":false},"author":1,"featured_media":6905,"comment_status":"open","ping_status":"open","sticky":false,"template":"","format":"standard","meta":{"footnotes":""},"categories":[3],"tags":[],"class_list":["post-6904","post","type-post","status-publish","format-standard","has-post-thumbnail","hentry","category-mexico"],"_links":{"self":[{"href":"https:\/\/noticierotamaulipeco.info\/index.php?rest_route=\/wp\/v2\/posts\/6904","targetHints":{"allow":["GET"]}}],"collection":[{"href":"https:\/\/noticierotamaulipeco.info\/index.php?rest_route=\/wp\/v2\/posts"}],"about":[{"href":"https:\/\/noticierotamaulipeco.info\/index.php?rest_route=\/wp\/v2\/types\/post"}],"author":[{"embeddable":true,"href":"https:\/\/noticierotamaulipeco.info\/index.php?rest_route=\/wp\/v2\/users\/1"}],"replies":[{"embeddable":true,"href":"https:\/\/noticierotamaulipeco.info\/index.php?rest_route=%2Fwp%2Fv2%2Fcomments&post=6904"}],"version-history":[{"count":1,"href":"https:\/\/noticierotamaulipeco.info\/index.php?rest_route=\/wp\/v2\/posts\/6904\/revisions"}],"predecessor-version":[{"id":6906,"href":"https:\/\/noticierotamaulipeco.info\/index.php?rest_route=\/wp\/v2\/posts\/6904\/revisions\/6906"}],"wp:featuredmedia":[{"embeddable":true,"href":"https:\/\/noticierotamaulipeco.info\/index.php?rest_route=\/wp\/v2\/media\/6905"}],"wp:attachment":[{"href":"https:\/\/noticierotamaulipeco.info\/index.php?rest_route=%2Fwp%2Fv2%2Fmedia&parent=6904"}],"wp:term":[{"taxonomy":"category","embeddable":true,"href":"https:\/\/noticierotamaulipeco.info\/index.php?rest_route=%2Fwp%2Fv2%2Fcategories&post=6904"},{"taxonomy":"post_tag","embeddable":true,"href":"https:\/\/noticierotamaulipeco.info\/index.php?rest_route=%2Fwp%2Fv2%2Ftags&post=6904"}],"curies":[{"name":"wp","href":"https:\/\/api.w.org\/{rel}","templated":true}]}}