{"id":6910,"date":"2025-11-10T19:18:45","date_gmt":"2025-11-10T19:18:45","guid":{"rendered":"https:\/\/noticierotamaulipeco.info\/?p=6910"},"modified":"2025-11-10T19:18:45","modified_gmt":"2025-11-10T19:18:45","slug":"tunde-jefe-de-ferrari-a-leclerc-y-lewis-hablen-menos-y-concentrese-en-conducir","status":"publish","type":"post","link":"https:\/\/noticierotamaulipeco.info\/?p=6910","title":{"rendered":"Tunde jefe de Ferrari a Leclerc y Lewis: &#8220;hablen menos y conc\u00e9ntrese en conducir&#8221;"},"content":{"rendered":"\n<p>10 Noviembre, 2025<\/p>\n\n\n\n<p><strong>John Elkann,<\/strong>\u00a0presidente de Ferrari, dijo el lunes a\u00a0<strong>Charles Leclerc y Lewis Hamilton<\/strong>\u00a0que\u00a0<strong>hablaran menos y se concentraran m\u00e1s en conducir<\/strong>\u00a0tras un fin de semana nefasto para el equipo italiano en el\u00a0<strong>Gran Premio de Brasil.<\/strong><\/p>\n\n\n\n<p>Ferrari sufri\u00f3 un\u00a0<strong>doble abandono en Sao Paulo<\/strong>\u00a0el domingo, la tercera carrera de la temporada sin ninguno de sus pilotos en la zona de puntos.<\/p>\n\n\n\n<p>En declaraciones realizadas el lunes tras un acto de patrocinio ol\u00edmpico en Roma,&nbsp;<strong>Elkann<\/strong>&nbsp;dijo a periodistas que los<strong>&nbsp;mec\u00e1nicos e ingenieros estaban haciendo bien su trabajo<\/strong>&nbsp;y hab\u00edan mejorado el autom\u00f3vil, pero \u201csi nos fijamos en el resto, no est\u00e1 a la altura\u201d.<\/p>\n\n\n\n<blockquote class=\"wp-block-quote is-layout-flow wp-block-quote-is-layout-flow\">\n<p>Y definitivamente tenemos pilotos que necesitan centrarse en conducir y hablar menos, porque todav\u00eda tenemos carreras importantes por delante y conseguir el segundo puesto (en el Campeonato de Constructores) no es imposible.<\/p>\n<\/blockquote>\n\n\n\n<p><strong>Ferrari<\/strong>\u00a0ha ca\u00eddo al cuarto puesto en la clasificaci\u00f3n de constructores por detr\u00e1s de\u00a0<strong>McLaren, Mercedes y Red Bull\u00a0<\/strong>y ambos pilotos han sonado frustrados.<\/p>\n\n\n\n<p><strong>Hamilton,<\/strong>&nbsp;siete veces campe\u00f3n del mundo, dijo tras la carrera del domingo en Interlagos que&nbsp;<strong>su sue\u00f1o de pilotar para Ferrari tambi\u00e9n se hab\u00eda convertido en una pesadilla.<\/strong><\/p>\n\n\n\n<p>El brit\u00e1nico a\u00fan&nbsp;<strong>no ha subido al podio en 21 carreras,<\/strong>&nbsp;aunque gan\u00f3 un sprint en China en marzo.<\/p>\n\n\n\n<p><strong>Hamilton<\/strong>&nbsp;se retir\u00f3 de la carrera del domingo, despu\u00e9s de que<strong>&nbsp;dos colisiones en la primera vuelta le dejaran el autom\u00f3vil seriamente da\u00f1ado.<\/strong>&nbsp;Una de ellas le supuso una penalizaci\u00f3n de cinco segundos, que cumpli\u00f3.<\/p>\n\n\n\n<p><strong>Leclerc<\/strong>\u00a0<strong>tampoco estuvo entre los 10 primeros.<\/strong>\u00a0El monegasco, en su s\u00e9ptimo a\u00f1o en Maranello, fue quinto y Hamilton s\u00e9ptimo en la carrera al esprint del s\u00e1bado.<\/p>\n","protected":false},"excerpt":{"rendered":"<p>10 Noviembre, 2025 John Elkann,\u00a0presidente de Ferrari, dijo el lunes a\u00a0Charles Leclerc y Lewis Hamilton\u00a0que\u00a0hablaran&#8230;<\/p>\n","protected":false},"author":1,"featured_media":6911,"comment_status":"open","ping_status":"open","sticky":false,"template":"","format":"standard","meta":{"footnotes":""},"categories":[6],"tags":[],"class_list":["post-6910","post","type-post","status-publish","format-standard","has-post-thumbnail","hentry","category-deportes"],"_links":{"self":[{"href":"https:\/\/noticierotamaulipeco.info\/index.php?rest_route=\/wp\/v2\/posts\/6910","targetHints":{"allow":["GET"]}}],"collection":[{"href":"https:\/\/noticierotamaulipeco.info\/index.php?rest_route=\/wp\/v2\/posts"}],"about":[{"href":"https:\/\/noticierotamaulipeco.info\/index.php?rest_route=\/wp\/v2\/types\/post"}],"author":[{"embeddable":true,"href":"https:\/\/noticierotamaulipeco.info\/index.php?rest_route=\/wp\/v2\/users\/1"}],"replies":[{"embeddable":true,"href":"https:\/\/noticierotamaulipeco.info\/index.php?rest_route=%2Fwp%2Fv2%2Fcomments&post=6910"}],"version-history":[{"count":1,"href":"https:\/\/noticierotamaulipeco.info\/index.php?rest_route=\/wp\/v2\/posts\/6910\/revisions"}],"predecessor-version":[{"id":6912,"href":"https:\/\/noticierotamaulipeco.info\/index.php?rest_route=\/wp\/v2\/posts\/6910\/revisions\/6912"}],"wp:featuredmedia":[{"embeddable":true,"href":"https:\/\/noticierotamaulipeco.info\/index.php?rest_route=\/wp\/v2\/media\/6911"}],"wp:attachment":[{"href":"https:\/\/noticierotamaulipeco.info\/index.php?rest_route=%2Fwp%2Fv2%2Fmedia&parent=6910"}],"wp:term":[{"taxonomy":"category","embeddable":true,"href":"https:\/\/noticierotamaulipeco.info\/index.php?rest_route=%2Fwp%2Fv2%2Fcategories&post=6910"},{"taxonomy":"post_tag","embeddable":true,"href":"https:\/\/noticierotamaulipeco.info\/index.php?rest_route=%2Fwp%2Fv2%2Ftags&post=6910"}],"curies":[{"name":"wp","href":"https:\/\/api.w.org\/{rel}","templated":true}]}}