{"id":6943,"date":"2025-11-17T16:40:35","date_gmt":"2025-11-17T16:40:35","guid":{"rendered":"https:\/\/noticierotamaulipeco.info\/?p=6943"},"modified":"2025-11-18T16:41:17","modified_gmt":"2025-11-18T16:41:17","slug":"suma-tamaulipas-mas-de-3-mil-propuestas-para-la-reforma-electoral","status":"publish","type":"post","link":"https:\/\/noticierotamaulipeco.info\/?p=6943","title":{"rendered":"Suma Tamaulipas m\u00e1s de 3 mil propuestas para la reforma electoral"},"content":{"rendered":"\n<p>17 de noviembre del 2025<\/p>\n\n\n\n<p><strong>&#8220;<\/strong>&nbsp;En la iniciativa del Gobierno de M\u00e9xico, a trav\u00e9s de la Comisi\u00f3n Presidencial para la Reforma Electoral, la Universidad Aut\u00f3noma de Tamaulipas (UAT), en conjunto con el Gobierno del Estado, fue sede, los d\u00edas 6 y 7 de noviembre, de los Di\u00e1logos sobre la Reforma Electoral, reafirmando su papel como espacio de reflexi\u00f3n y de an\u00e1lisis plural que reuni\u00f3 a autoridades, especialistas y comunidad universitaria, con el prop\u00f3sito de fortalecer la vida democr\u00e1tica del pa\u00eds.&nbsp;<strong>&#8220;<\/strong><\/p>\n\n\n\n<p>\u200b<\/p>\n\n\n\n<p>Ciudad Victoria, Tam., 17 de noviembre de 2025.<\/p>\n\n\n\n<p>Como resultado, la UAT edit\u00f3 un documento acad\u00e9mico que re\u00fane las propuestas recabadas y que dan testimonio del compromiso colectivo de Tamaulipas con el fortalecimiento de la democracia nacional.<\/p>\n\n\n\n<p>Los foros se desarrollaron en las sedes universitarias de Nuevo Laredo, Reynosa, Matamoros, Ciudad Victoria, Mante y Tampico, con un total de 3 148 propuestas y m\u00e1s de 5000 asistencias registradas.<\/p>\n\n\n\n<p>El rector de la UAT, D\u00e1maso Anaya Alvarado, destac\u00f3 que este ejercicio representa un hecho hist\u00f3rico para la instituci\u00f3n, al consolidarla como un referente nacional en la formaci\u00f3n de ciudadan\u00eda y pensamiento cr\u00edtico.<\/p>\n\n\n\n<p>Subray\u00f3 que la UAT abri\u00f3, por primera vez en su historia, sus espacios f\u00edsicos y virtuales de manera simult\u00e1nea para la reflexi\u00f3n colectiva sobre el sistema electoral mexicano, se\u00f1alando que este encuentro permiti\u00f3 a la ciudadan\u00eda dialogar sobre los pilares del sistema democr\u00e1tico.<\/p>\n\n\n\n<p>El rector reafirm\u00f3 el compromiso de la UAT con la formaci\u00f3n de ciudadanos cr\u00edticos y participativos, y reconoci\u00f3 la visi\u00f3n de la presidenta Claudia Sheinbaum Pardo por impulsar una reforma electoral incluyente que coloca a la ciudadan\u00eda en el centro de la transformaci\u00f3n democr\u00e1tica.<\/p>\n\n\n\n<p>Asimismo, agradeci\u00f3 al gobernador Am\u00e9rico Villarreal Anaya por confiar en la capacidad acad\u00e9mica y social de la Universidad para generar espacios de an\u00e1lisis y di\u00e1logo plural, y extendi\u00f3 su reconocimiento al INE, al IETAM y a las instituciones p\u00fablicas y privadas que contribuyeron al \u00e9xito de esta jornada c\u00edvica y universitaria.<\/p>\n\n\n\n<figure class=\"wp-block-image\"><img decoding=\"async\" src=\"https:\/\/www.uat.edu.mx\/noticias\/PublishingImages\/2024\/05\/2_RNJ627.jpg\" alt=\"\"\/><\/figure>\n\n\n\n<p><\/p>\n","protected":false},"excerpt":{"rendered":"<p>17 de noviembre del 2025 &#8220;&nbsp;En la iniciativa del Gobierno de M\u00e9xico, a trav\u00e9s de&#8230;<\/p>\n","protected":false},"author":1,"featured_media":6944,"comment_status":"open","ping_status":"open","sticky":false,"template":"","format":"standard","meta":{"footnotes":""},"categories":[4],"tags":[],"class_list":["post-6943","post","type-post","status-publish","format-standard","has-post-thumbnail","hentry","category-educacion"],"_links":{"self":[{"href":"https:\/\/noticierotamaulipeco.info\/index.php?rest_route=\/wp\/v2\/posts\/6943","targetHints":{"allow":["GET"]}}],"collection":[{"href":"https:\/\/noticierotamaulipeco.info\/index.php?rest_route=\/wp\/v2\/posts"}],"about":[{"href":"https:\/\/noticierotamaulipeco.info\/index.php?rest_route=\/wp\/v2\/types\/post"}],"author":[{"embeddable":true,"href":"https:\/\/noticierotamaulipeco.info\/index.php?rest_route=\/wp\/v2\/users\/1"}],"replies":[{"embeddable":true,"href":"https:\/\/noticierotamaulipeco.info\/index.php?rest_route=%2Fwp%2Fv2%2Fcomments&post=6943"}],"version-history":[{"count":1,"href":"https:\/\/noticierotamaulipeco.info\/index.php?rest_route=\/wp\/v2\/posts\/6943\/revisions"}],"predecessor-version":[{"id":6945,"href":"https:\/\/noticierotamaulipeco.info\/index.php?rest_route=\/wp\/v2\/posts\/6943\/revisions\/6945"}],"wp:featuredmedia":[{"embeddable":true,"href":"https:\/\/noticierotamaulipeco.info\/index.php?rest_route=\/wp\/v2\/media\/6944"}],"wp:attachment":[{"href":"https:\/\/noticierotamaulipeco.info\/index.php?rest_route=%2Fwp%2Fv2%2Fmedia&parent=6943"}],"wp:term":[{"taxonomy":"category","embeddable":true,"href":"https:\/\/noticierotamaulipeco.info\/index.php?rest_route=%2Fwp%2Fv2%2Fcategories&post=6943"},{"taxonomy":"post_tag","embeddable":true,"href":"https:\/\/noticierotamaulipeco.info\/index.php?rest_route=%2Fwp%2Fv2%2Ftags&post=6943"}],"curies":[{"name":"wp","href":"https:\/\/api.w.org\/{rel}","templated":true}]}}