{"id":6955,"date":"2025-11-18T18:41:32","date_gmt":"2025-11-18T18:41:32","guid":{"rendered":"https:\/\/noticierotamaulipeco.info\/?p=6955"},"modified":"2025-11-18T18:41:32","modified_gmt":"2025-11-18T18:41:32","slug":"presentan-el-mundial-social-con-torneos-una-app-y-records-guinness","status":"publish","type":"post","link":"https:\/\/noticierotamaulipeco.info\/?p=6955","title":{"rendered":"Presentan el &#8216;Mundial Social&#8217; con torneos, una app y r\u00e9cords Guinness"},"content":{"rendered":"\n<p>18 Noviembre, 2025<\/p>\n\n\n\n<p>El\u00a0<strong>Gobierno de M\u00e9xico<\/strong>\u00a0present\u00f3 este martes el\u00a0<strong>\u201cMundial Social\u201d<\/strong>, una iniciativa que rodear\u00e1 a la\u00a0<strong>Copa del Mundo FIFA 2026<\/strong>\u00a0con actividades deportivas, educativas, tur\u00edsticas y culturales, y que incluye el lanzamiento de una aplicaci\u00f3n digital y el objetivo de romper tres r\u00e9cords Guinness.<\/p>\n\n\n\n<p>\u201cEl Mundial Social pone a la gente, a las personas al centro de nuestro trabajo rumbo a la Copa del Mundo. Nuestro objetivo es llevar f\u00fatbol a todo el territorio nacional\u201d, se\u00f1al\u00f3 durante la conferencia de prensa presidencial&nbsp;<strong>Gabriela Cuevas, representante de M\u00e9xico ante la FIFA<\/strong>.<\/p>\n\n\n\n<p>A 205 d\u00edas del inicio de la Copa del Mundo, que M\u00e9xico celebrar\u00e1 en conjunto con Estados Unidos y Canad\u00e1, Cuevas asever\u00f3 que esta iniciativa busca que se sienta y&nbsp;<strong>se viva \u201cm\u00e1s all\u00e1 de las canchas\u201d<\/strong>&nbsp;y lleve el f\u00fatbol a \u201ctodos los barrios, colonias y pueblos de M\u00e9xico\u201d.<\/p>\n\n\n\n<p>De acuerdo con la funcionaria, se realizar\u00e1n&nbsp;<strong>m\u00e1s de 177 fiestas relacionadas con el evento<\/strong>, as\u00ed como cinco mil actividades, rutas, tres r\u00e9cords Guinness, adem\u00e1s de 74 mundialitos de distintas categor\u00edas, casi 1.500 actividades en el programa Vive Saludable, y m\u00e1s de 4.200 rehabilitaciones de canchas y espacios p\u00fablicos.<\/p>\n\n\n\n<p><em>\u201cSer\u00e1 la oportunidad de sentir el orgullo por nuestro legado hist\u00f3rico y cultural. Un espacio para estar m\u00e1s cerca de nuestras comunidades al mismo tiempo que proyectamos nuestra identidad al mundo\u201d.<\/em><\/p>\n\n\n\n<p>Por su parte,\u00a0<strong>Josefina Rodr\u00edguez<\/strong>\u00a0adelant\u00f3 M\u00e9xico 2026,\u00a0<strong>una aplicaci\u00f3n para dispositivos m\u00f3viles<\/strong>\u00a0que permitir\u00e1 explorar diferentes ciudades de M\u00e9xico y sus alrededores para promover actividades tur\u00edsticas, brindar\u00e1 informaci\u00f3n sobre la Copa Mundial de la FIFA 2026 y brindar\u00e1 servicios a la ciudadan\u00eda.<\/p>\n\n\n\n<p>Asimismo, se\u00f1al\u00f3 que buscar\u00e1n cumplir tres r\u00e9cords Guinness, uno relacionado con la imagen humana de la camiseta de f\u00fatbol m\u00e1s grande en febrero; el segundo relacionado con la clase de f\u00fatbol m\u00e1s grande en el mes de marzo y, finalmente, el mural m\u00e1s grande en el mes de mayo.<\/p>\n\n\n\n<p>En tanto, la secretaria de Cultura,&nbsp;<strong>Claudia Curiel<\/strong>, inform\u00f3 que como parte de este plan&nbsp;<strong>se mejorar\u00e1n 12 museos emblem\u00e1ticos del INAH<\/strong>&nbsp;y 46 zonas arqueol\u00f3gicas.<\/p>\n\n\n\n<p>Por \u00faltimo,&nbsp;<strong>Marath Bola\u00f1os<\/strong>, secretario del Trabajo y Previsi\u00f3n Social, dijo que se contempla la&nbsp;<strong>participaci\u00f3n de cinco mil j\u00f3venes integrantes del programa J\u00f3venes Construyendo el Futuro<\/strong>, quienes participar\u00e1n en actividades tur\u00edsticas de hospitalidad, de recepci\u00f3n de personas en viajes, actividades culturales y promoci\u00f3n deportiva.<\/p>\n\n\n\n<h2 class=\"wp-block-heading\"><strong>Torneos y Mundialitos<\/strong><\/h2>\n\n\n\n<p>Por su partes,&nbsp;<strong>Mario Delgado<\/strong>, secretario de Educaci\u00f3n P\u00fablica,&nbsp;<strong>Zo\u00e9 Robledo<\/strong>, director general del Instituto Mexicano del Seguro Social (IMSS), y otros funcionarios del Gabinete, presentaron los&nbsp;<strong>torneos que se realizar\u00e1n con motivo del Mundial<\/strong>.<\/p>\n\n\n\n<p>Abarcando desde&nbsp;<strong>adultos mayores, ni\u00f1os, ni\u00f1as, e incluso robots<\/strong>, estos fueron los \u2018Mundialitos y Torneos\u2019 anunciados esta ma\u00f1ana.<\/p>\n\n\n\n<p>M\u00e9xico tendr\u00e1\u00a0<strong>tres sedes para el Mundial 2026<\/strong>: Ciudad de M\u00e9xico, Guadalajara y Monterrey, que albergar\u00e1n en total 13 partidos oficiales, incluido el encuentro inaugural en el Estadio Azteca.<\/p>\n\n\n\n<p><\/p>\n","protected":false},"excerpt":{"rendered":"<p>18 Noviembre, 2025 El\u00a0Gobierno de M\u00e9xico\u00a0present\u00f3 este martes el\u00a0\u201cMundial Social\u201d, una iniciativa que rodear\u00e1 a&#8230;<\/p>\n","protected":false},"author":1,"featured_media":6956,"comment_status":"open","ping_status":"open","sticky":false,"template":"","format":"standard","meta":{"footnotes":""},"categories":[6],"tags":[],"class_list":["post-6955","post","type-post","status-publish","format-standard","has-post-thumbnail","hentry","category-deportes"],"_links":{"self":[{"href":"https:\/\/noticierotamaulipeco.info\/index.php?rest_route=\/wp\/v2\/posts\/6955","targetHints":{"allow":["GET"]}}],"collection":[{"href":"https:\/\/noticierotamaulipeco.info\/index.php?rest_route=\/wp\/v2\/posts"}],"about":[{"href":"https:\/\/noticierotamaulipeco.info\/index.php?rest_route=\/wp\/v2\/types\/post"}],"author":[{"embeddable":true,"href":"https:\/\/noticierotamaulipeco.info\/index.php?rest_route=\/wp\/v2\/users\/1"}],"replies":[{"embeddable":true,"href":"https:\/\/noticierotamaulipeco.info\/index.php?rest_route=%2Fwp%2Fv2%2Fcomments&post=6955"}],"version-history":[{"count":1,"href":"https:\/\/noticierotamaulipeco.info\/index.php?rest_route=\/wp\/v2\/posts\/6955\/revisions"}],"predecessor-version":[{"id":6957,"href":"https:\/\/noticierotamaulipeco.info\/index.php?rest_route=\/wp\/v2\/posts\/6955\/revisions\/6957"}],"wp:featuredmedia":[{"embeddable":true,"href":"https:\/\/noticierotamaulipeco.info\/index.php?rest_route=\/wp\/v2\/media\/6956"}],"wp:attachment":[{"href":"https:\/\/noticierotamaulipeco.info\/index.php?rest_route=%2Fwp%2Fv2%2Fmedia&parent=6955"}],"wp:term":[{"taxonomy":"category","embeddable":true,"href":"https:\/\/noticierotamaulipeco.info\/index.php?rest_route=%2Fwp%2Fv2%2Fcategories&post=6955"},{"taxonomy":"post_tag","embeddable":true,"href":"https:\/\/noticierotamaulipeco.info\/index.php?rest_route=%2Fwp%2Fv2%2Ftags&post=6955"}],"curies":[{"name":"wp","href":"https:\/\/api.w.org\/{rel}","templated":true}]}}