{"id":6979,"date":"2025-11-20T19:07:50","date_gmt":"2025-11-20T19:07:50","guid":{"rendered":"https:\/\/noticierotamaulipeco.info\/?p=6979"},"modified":"2025-11-20T19:07:50","modified_gmt":"2025-11-20T19:07:50","slug":"mercado-de-navidad-de-magdeburgo-abre-un-ano-despues-del-atentado","status":"publish","type":"post","link":"https:\/\/noticierotamaulipeco.info\/?p=6979","title":{"rendered":"Mercado de Navidad de Magdeburgo abre un a\u00f1o despu\u00e9s del atentado"},"content":{"rendered":"\n<p>20 Noviembre, 2025<\/p>\n\n\n\n<p>El&nbsp;<strong>mercadillo de Navidad<\/strong>&nbsp;de&nbsp;<strong>Magdeburgo<\/strong>, en el este de Alemania,&nbsp;<strong>abri\u00f3<\/strong>&nbsp;sus puertas casi un a\u00f1o despu\u00e9s del&nbsp;<strong>atentado<\/strong>&nbsp;que dej\u00f3&nbsp;<strong>seis v\u00edctimas<\/strong>&nbsp;<strong>mortales<\/strong>, a pesar de las dudas que hab\u00edan surgido sobre su celebraci\u00f3n en torno al refuerzo de las medidas de seguridad.<\/p>\n\n\n\n<p>En\u00a0diciembre de 2024\u00a0se produjo un\u00a0<strong>atropellamiento m\u00faltiple<\/strong>\u00a0en Magdeburgo perpetrado por un\u00a0<strong>m\u00e9dico<\/strong>\u00a0<strong>saudita<\/strong>, cr\u00edtico con el islam, lo que result\u00f3 en seis v\u00edctimas mortales y m\u00e1s de 330 heridos.<a href=\"https:\/\/lopezdoriga.com\/wp-content\/uploads\/2025\/11\/homenaje-a-victimas-de-atentado-en-mercado-de-navidad-de-magdeburgo-en-diciembre-de-2024.jpg\"><\/a><\/p>\n\n\n\n<p>El juicio contra el conductor comenz\u00f3 la semana pasada y se espera que sea el m\u00e1s importante celebrado en la Audiencia Provincial de Magdeburgo y en el estado federado de Sajonia-Anhalt desde la posguerra.<\/p>\n\n\n\n<p>En memoria a las v\u00edctimas, se prev\u00e9 que el mercadillo cierre sus puertas el 20 de diciembre, el mismo d\u00eda en el que se produjo el atentando.<\/p>\n\n\n\n<h2 class=\"wp-block-heading\">&nbsp;Tira y afloja sobre el plan de seguridad<\/h2>\n\n\n\n<p>Tras un tira y afloja con la Oficina Administrativa Regional, despu\u00e9s de que este organismo categorizara al&nbsp;<strong>mercado<\/strong>&nbsp;de \u201c<strong>objetivo potencial<\/strong>&nbsp;para un&nbsp;<strong>ataque<\/strong>\u201c, el Ayuntamiento de la ciudad lleg\u00f3 a un acuerdo sobre el plan de seguridad la semana pasada, que se aprob\u00f3 definitivamente este mi\u00e9rcoles, un d\u00eda antes de la apertura.<\/p>\n\n\n\n<p>\u201cDurante los \u00faltimos d\u00edas, todos los implicados han trabajado incansablemente para lograr el objetivo com\u00fan de hacer posible el mercado navide\u00f1o de Magdeburgo de este a\u00f1o\u201d, declar\u00f3 la alcaldesa de la ciudad, Simone Borris, en un comunicado.<\/p>\n\n\n\n<p>Borris reconoci\u00f3 la labor de los feriantes, vendedores y expositores del mercado navide\u00f1o, quienes, asegur\u00f3, han demostrado \u201cuna gran paciencia y comprensi\u00f3n en los \u00faltimos d\u00edas debido a las circunstancias\u201d.<\/p>\n\n\n\n<p>El canciller alem\u00e1n, Friedrich Merz, tambi\u00e9n mostr\u00f3 su compromiso con el mercadillo esta semana: \u201cDesear\u00eda que en Magdeburgo sea posible llegar a un acuerdo, para que un acto terrible como el del a\u00f1o pasado no se pueda repetir\u201d.<\/p>\n\n\n\n<p>Seg\u00fan el Ayuntamiento, \u201ctodas las medidas de seguridad acordadas se han puesto en marcha en los \u00faltimos d\u00edas\u201d, con un presupuesto de aproximadamente 250 mil euros.<\/p>\n\n\n\n<h2 class=\"wp-block-heading\">&nbsp;Debate sobre responsabilidades<\/h2>\n\n\n\n<p>Con este evento, ha surgido un debate sobre qui\u00e9n tendr\u00eda que hacerse cargo de este tipo de medidas, por lo que Borris hizo anteriormente un llamamiento al primer ministro de Sajonia-Anhalt, Reiner Haseloff, para que creara \u201cuna normativa inmediata, regional y jur\u00eddicamente s\u00f3lida sobre los requisitos de seguridad\u201d.<\/p>\n\n\n\n<p>Por su parte, Merz se\u00f1al\u00f3 que el&nbsp;<strong>protocolo de seguridad<\/strong>&nbsp;es una \u201ctarea de la respectiva polic\u00eda regional, no una tarea que pueda cubrir el Estado federal\u201d, aunque apunt\u00f3 que apoyaba cualquier tipo de coordinaci\u00f3n y cooperaci\u00f3n.<\/p>\n\n\n\n<p>\u201cPor eso, nos esforzamos mucho por establecer unos est\u00e1ndares comunes, para que los mercadillos de Navidad se puedan celebrar\u201d, afirm\u00f3.<\/p>\n\n\n\n<p>Haseloff indic\u00f3 por su parte que intenta apoyar en todos los \u00e1mbitos municipales que los mercados se celebren: \u201cForman parte de nuestra cultura y tienen que seguir formando parte de nuestra cultura\u201d.<\/p>\n\n\n\n<p><\/p>\n","protected":false},"excerpt":{"rendered":"<p>20 Noviembre, 2025 El&nbsp;mercadillo de Navidad&nbsp;de&nbsp;Magdeburgo, en el este de Alemania,&nbsp;abri\u00f3&nbsp;sus puertas casi un a\u00f1o&#8230;<\/p>\n","protected":false},"author":1,"featured_media":6981,"comment_status":"open","ping_status":"open","sticky":false,"template":"","format":"standard","meta":{"footnotes":""},"categories":[5],"tags":[],"class_list":["post-6979","post","type-post","status-publish","format-standard","has-post-thumbnail","hentry","category-internacional"],"_links":{"self":[{"href":"https:\/\/noticierotamaulipeco.info\/index.php?rest_route=\/wp\/v2\/posts\/6979","targetHints":{"allow":["GET"]}}],"collection":[{"href":"https:\/\/noticierotamaulipeco.info\/index.php?rest_route=\/wp\/v2\/posts"}],"about":[{"href":"https:\/\/noticierotamaulipeco.info\/index.php?rest_route=\/wp\/v2\/types\/post"}],"author":[{"embeddable":true,"href":"https:\/\/noticierotamaulipeco.info\/index.php?rest_route=\/wp\/v2\/users\/1"}],"replies":[{"embeddable":true,"href":"https:\/\/noticierotamaulipeco.info\/index.php?rest_route=%2Fwp%2Fv2%2Fcomments&post=6979"}],"version-history":[{"count":1,"href":"https:\/\/noticierotamaulipeco.info\/index.php?rest_route=\/wp\/v2\/posts\/6979\/revisions"}],"predecessor-version":[{"id":6982,"href":"https:\/\/noticierotamaulipeco.info\/index.php?rest_route=\/wp\/v2\/posts\/6979\/revisions\/6982"}],"wp:featuredmedia":[{"embeddable":true,"href":"https:\/\/noticierotamaulipeco.info\/index.php?rest_route=\/wp\/v2\/media\/6981"}],"wp:attachment":[{"href":"https:\/\/noticierotamaulipeco.info\/index.php?rest_route=%2Fwp%2Fv2%2Fmedia&parent=6979"}],"wp:term":[{"taxonomy":"category","embeddable":true,"href":"https:\/\/noticierotamaulipeco.info\/index.php?rest_route=%2Fwp%2Fv2%2Fcategories&post=6979"},{"taxonomy":"post_tag","embeddable":true,"href":"https:\/\/noticierotamaulipeco.info\/index.php?rest_route=%2Fwp%2Fv2%2Ftags&post=6979"}],"curies":[{"name":"wp","href":"https:\/\/api.w.org\/{rel}","templated":true}]}}