{"id":7005,"date":"2025-11-24T16:46:03","date_gmt":"2025-11-24T16:46:03","guid":{"rendered":"https:\/\/noticierotamaulipeco.info\/?p=7005"},"modified":"2025-11-24T16:46:03","modified_gmt":"2025-11-24T16:46:03","slug":"sheinbaum-convoca-a-marcha-del-6-de-diciembre-y-descarta-enojo-de-la-ciudadania","status":"publish","type":"post","link":"https:\/\/noticierotamaulipeco.info\/?p=7005","title":{"rendered":"Sheinbaum convoca a marcha del 6 de diciembre y descarta &#8216;enojo&#8217; de la ciudadan\u00eda"},"content":{"rendered":"\n<p>24 Noviembre, 2025 <\/p>\n\n\n\n<p>La presidenta Claudia Sheinbaum convoc\u00f3 esta ma\u00f1ana a una movilizaci\u00f3n nacional para el pr\u00f3ximo 6 de diciembre en la Ciudad de M\u00e9xico, cuya finalidad, dijo, ser\u00e1&nbsp;<strong>celebrar los siete a\u00f1os de transformaci\u00f3n<\/strong>&nbsp;en el pa\u00eds.<\/p>\n\n\n\n<p>En su conferencia matutina, afirm\u00f3 que el llamado es amplio y asegur\u00f3 que<strong>&nbsp;no existe malestar<\/strong>&nbsp;social, como sostienen sus cr\u00edticos y opositores pol\u00edticos.<\/p>\n\n\n\n<p>\u201cEl llamado es a todo el pueblo de M\u00e9xico\u201d, expres\u00f3 al anunciar la marcha y rechaz\u00f3 que exista un clima de inconformidad generalizado en la sociedad, al tiempo que atribuy\u00f3 esa percepci\u00f3n a&nbsp;<strong>narrativas difundidas<\/strong>&nbsp;en redes sociales.<\/p>\n\n\n\n<p>\u201cEsta idea de que hay enojo, esta insatisfacci\u00f3n, molestia que han querido levantar en las redes,&nbsp;<strong>hab\u00eda cuatro personas gritando<\/strong>&nbsp;ah\u00ed en Juchit\u00e1n y 2 mil recibiendo, y entonces hacen todo un cuento, pues de que cosa que la verdad no afecta\u201d, afirm\u00f3, al hacer referencia a hechos sucedidos el pasado fin de semana.<\/p>\n\n\n\n<p>Sheinbaum sostuvo que, durante sus recorridos, percibe&nbsp;<strong>respaldo ciudadano<\/strong>.<\/p>\n\n\n\n<p>\u201cLa gente sabe de la alegr\u00eda por haber recibido el Interoce\u00e1nico, entonces hay mucha alegr\u00eda en la gente, lo veo yo, no solo cuando llego a un lugar, que hay mucha gente esperando, sino en el camino, en las carreteras, la gente c\u00f3mo me saluda\u201d, dijo.<\/p>\n\n\n\n<p>A\u00f1adi\u00f3 que sus\u00a0<strong>opositores<\/strong>\u00a0\u201cno quieren celebrar, pero no hay problema, es un pa\u00eds libre\u201d.<\/p>\n\n\n\n<p>La presidenta argument\u00f3 que la marcha se enmarca en los avances registrados en siete a\u00f1os, incluyendo el sexenio de Andr\u00e9s Manuel L\u00f3pez Obrador, as\u00ed como el&nbsp;<strong>primer a\u00f1o de su administraci\u00f3n.<\/strong><\/p>\n\n\n\n<p>Entre ellos, destac\u00f3 el&nbsp;<strong>programa de viviend<\/strong>a y las reestructuraciones de cr\u00e9ditos del Infonavit.<\/p>\n\n\n\n<p>\u201cMiren nada m\u00e1s el programa de vivienda; durante los seis a\u00f1os del presidente L\u00f3pez Obrador la parte de la vivienda no pudo avanzar m\u00e1s y ahora, f\u00edjense, son casi 5 millones de cr\u00e9ditos del Infonavit que est\u00e1n siendo disminuidos. Gente que deb\u00eda tres veces su casa y que ahora pr\u00e1cticamente se le est\u00e1&nbsp;<strong>entregando la escritura<\/strong>\u201d, declar\u00f3.<\/p>\n\n\n\n<p>Precis\u00f3 que \u201cya van 2 millones que ya fueron reestructuradas sus deudas y faltan alrededor de 3 millones, 3.3 millones que van a ser en noviembre y en diciembre, que van a ser reestructuradas las deudas\u201d.<\/p>\n\n\n\n<p>Asegur\u00f3 que se trata de \u201c5 millones de familias con problemas para pagar su casa, 20 a\u00f1os algunos m\u00e1s debiendo la casa de un&nbsp;<strong>cr\u00e9dito injusto<\/strong>\u201d, que ahora reciben una reestructuraci\u00f3n o incluso su escritura.<\/p>\n\n\n\n<p>Sheinbaum agreg\u00f3 que el Infonavit construir\u00e1 \u201ccasi 300 mil viviendas\u201d y que acceder a un cr\u00e9dito es ahora m\u00e1s sencillo. \u201cYa cambi\u00f3, ya antes eran 26 puntos y una cantidad de requisitos y ahora son tres requisitos, es muy f\u00e1cil acceder al cr\u00e9dito.<\/p>\n\n\n\n<p>Adem\u00e1s, mejora de vivienda, 430 mil&nbsp; mejoras de vivienda\u201d, explic\u00f3 y sostuvo que, en total, \u201cdurante seis a\u00f1os van a ser 5 millones de cr\u00e9ditos reestructurados y un mill\u00f3n 300 mil viviendas nuevas de por lo menos 60 metros cuadrados\u201d.<\/p>\n\n\n\n<p>Tambi\u00e9n se\u00f1al\u00f3 que habr\u00e1 apoyos para quienes no cotizan en Infonavit con 300 mil viviendas y afirm\u00f3 que ya comenzaron a entregarse las primeras&nbsp;<strong>viviendas del programa<\/strong>.<\/p>\n\n\n\n<p>La presidenta enlist\u00f3 otros programas que, asegur\u00f3, justifican la convocatoria.<\/p>\n\n\n\n<p>Mencion\u00f3 que \u201cya se est\u00e1 depositando\u201d el apoyo para mujeres de 60 a 64 a\u00f1os, que \u201ctodos los estudiantes de secundaria ya tienen beca\u201d y que contin\u00faan inaugur\u00e1ndose preparatorias y universidades, adem\u00e1s de obras en carreteras y caminos.<\/p>\n\n\n\n<p>\u201cImag\u00ednense 900 kil\u00f3metros, \u00bfcu\u00e1nto es M\u00e9xico\u2013Nuevo Laredo?, debe ser por ah\u00ed nada m\u00e1s de repavimentaci\u00f3n\u201d.<\/p>\n\n\n\n<p>\u201c\u00bfLos que no hay que celebrar eso? Pues claro que s\u00ed\u201d, mencion\u00f3 y dijo que la movilizaci\u00f3n del 6 de diciembre tendr\u00e1 lugar en el&nbsp;<strong>Z\u00f3calo capitalino<\/strong>.<\/p>\n\n\n\n<blockquote class=\"wp-block-quote is-layout-flow wp-block-quote-is-layout-flow\">\n<p>\u201cEs celebrar siete a\u00f1os de transformaci\u00f3n. 6 de diciembre, Z\u00f3calo de la Ciudad de M\u00e9xico\u201d.<\/p>\n<\/blockquote>\n\n\n\n<p><\/p>\n","protected":false},"excerpt":{"rendered":"<p>24 Noviembre, 2025 La presidenta Claudia Sheinbaum convoc\u00f3 esta ma\u00f1ana a una movilizaci\u00f3n nacional para&#8230;<\/p>\n","protected":false},"author":1,"featured_media":7006,"comment_status":"open","ping_status":"open","sticky":false,"template":"","format":"standard","meta":{"footnotes":""},"categories":[3],"tags":[],"class_list":["post-7005","post","type-post","status-publish","format-standard","has-post-thumbnail","hentry","category-mexico"],"_links":{"self":[{"href":"https:\/\/noticierotamaulipeco.info\/index.php?rest_route=\/wp\/v2\/posts\/7005","targetHints":{"allow":["GET"]}}],"collection":[{"href":"https:\/\/noticierotamaulipeco.info\/index.php?rest_route=\/wp\/v2\/posts"}],"about":[{"href":"https:\/\/noticierotamaulipeco.info\/index.php?rest_route=\/wp\/v2\/types\/post"}],"author":[{"embeddable":true,"href":"https:\/\/noticierotamaulipeco.info\/index.php?rest_route=\/wp\/v2\/users\/1"}],"replies":[{"embeddable":true,"href":"https:\/\/noticierotamaulipeco.info\/index.php?rest_route=%2Fwp%2Fv2%2Fcomments&post=7005"}],"version-history":[{"count":1,"href":"https:\/\/noticierotamaulipeco.info\/index.php?rest_route=\/wp\/v2\/posts\/7005\/revisions"}],"predecessor-version":[{"id":7007,"href":"https:\/\/noticierotamaulipeco.info\/index.php?rest_route=\/wp\/v2\/posts\/7005\/revisions\/7007"}],"wp:featuredmedia":[{"embeddable":true,"href":"https:\/\/noticierotamaulipeco.info\/index.php?rest_route=\/wp\/v2\/media\/7006"}],"wp:attachment":[{"href":"https:\/\/noticierotamaulipeco.info\/index.php?rest_route=%2Fwp%2Fv2%2Fmedia&parent=7005"}],"wp:term":[{"taxonomy":"category","embeddable":true,"href":"https:\/\/noticierotamaulipeco.info\/index.php?rest_route=%2Fwp%2Fv2%2Fcategories&post=7005"},{"taxonomy":"post_tag","embeddable":true,"href":"https:\/\/noticierotamaulipeco.info\/index.php?rest_route=%2Fwp%2Fv2%2Ftags&post=7005"}],"curies":[{"name":"wp","href":"https:\/\/api.w.org\/{rel}","templated":true}]}}