{"id":7035,"date":"2025-11-28T17:30:58","date_gmt":"2025-11-28T17:30:58","guid":{"rendered":"https:\/\/noticierotamaulipeco.info\/?p=7035"},"modified":"2025-11-28T17:30:58","modified_gmt":"2025-11-28T17:30:58","slug":"presentan-proyecto-electrificacion-al-100-al-alumnado-de-la-universidad-politecnica-de-victoria","status":"publish","type":"post","link":"https:\/\/noticierotamaulipeco.info\/?p=7035","title":{"rendered":"Presentan proyecto \u00abElectrificaci\u00f3n al 100%\u00bb al alumnado de la Universidad Polit\u00e9cnica de Victoria"},"content":{"rendered":"\n<p>28 Noviembre, 2025<\/p>\n\n\n\n<p>Ciudad Victoria, Tamaulipas.-En el marco de las reuniones realizadas para el proyecto Electrificaci\u00f3n al 100%, cuyo objetivo es promover la colaboraci\u00f3n de estudiantes de la UPV, el subsecretario de Electricidad y Energ\u00edas Renovables, Roberto Manuel Rend\u00f3n Mares, acompa\u00f1ado por el director de Industria El\u00e9ctrica, Luis Esteban Igartua, y la directora de Energ\u00edas Renovables, Elizabeth Mart\u00ednez Salda\u00f1a, present\u00f3 ante alumnos de las carreras de Manufactura Avanzada y Mecatr\u00f3nica los detalles del proyecto, adem\u00e1s de invitarles a integrarse a su ejecuci\u00f3n durante sus pr\u00f3ximos periodos de estad\u00edas y estancias, programados para iniciar en enero de 2026.<\/p>\n\n\n\n<p>Como resultado de su participaci\u00f3n, se busca que las y los estudiantes desarrollen un proyecto que les permita obtener su acreditaci\u00f3n acad\u00e9mica como Ingenieros de sus respectivas carreras.<\/p>\n\n\n\n<p>La presentaci\u00f3n se llev\u00f3 a cabo en el auditorio de la Universidad Polit\u00e9cnica de Victoria, reiterando la comunicaci\u00f3n y el v\u00ednculo establecido con Oth\u00f3n Cano Garza, director de Vinculaci\u00f3n; Jos\u00e9 Amparo Rodr\u00edguez, titular de la carrera de Ingenier\u00eda en Manufactura Avanzada; y Leonel Maldonado Rivera, titular de la carrera de Ingenier\u00eda en Mecatr\u00f3nica, quienes han impulsado la participaci\u00f3n estudiantil en el proyecto Electrificaci\u00f3n al 100%.<\/p>\n\n\n\n<p>Se obtuvo una respuesta muy favorable por parte del alumnado, mostrando alto inter\u00e9s en integrarse al proyecto, lo cual motiva a dar continuidad a esta colaboraci\u00f3n, tal como lo ha se\u00f1alado en sus prop\u00f3sitos el secretario de Desarrollo Energ\u00e9tico, Walter Juli\u00e1n \u00c1ngel Jim\u00e9nez.<\/p>\n","protected":false},"excerpt":{"rendered":"<p>28 Noviembre, 2025 Ciudad Victoria, Tamaulipas.-En el marco de las reuniones realizadas para el proyecto&#8230;<\/p>\n","protected":false},"author":1,"featured_media":7036,"comment_status":"open","ping_status":"open","sticky":false,"template":"","format":"standard","meta":{"footnotes":""},"categories":[2],"tags":[],"class_list":["post-7035","post","type-post","status-publish","format-standard","has-post-thumbnail","hentry","category-tamaulipas"],"_links":{"self":[{"href":"https:\/\/noticierotamaulipeco.info\/index.php?rest_route=\/wp\/v2\/posts\/7035","targetHints":{"allow":["GET"]}}],"collection":[{"href":"https:\/\/noticierotamaulipeco.info\/index.php?rest_route=\/wp\/v2\/posts"}],"about":[{"href":"https:\/\/noticierotamaulipeco.info\/index.php?rest_route=\/wp\/v2\/types\/post"}],"author":[{"embeddable":true,"href":"https:\/\/noticierotamaulipeco.info\/index.php?rest_route=\/wp\/v2\/users\/1"}],"replies":[{"embeddable":true,"href":"https:\/\/noticierotamaulipeco.info\/index.php?rest_route=%2Fwp%2Fv2%2Fcomments&post=7035"}],"version-history":[{"count":1,"href":"https:\/\/noticierotamaulipeco.info\/index.php?rest_route=\/wp\/v2\/posts\/7035\/revisions"}],"predecessor-version":[{"id":7037,"href":"https:\/\/noticierotamaulipeco.info\/index.php?rest_route=\/wp\/v2\/posts\/7035\/revisions\/7037"}],"wp:featuredmedia":[{"embeddable":true,"href":"https:\/\/noticierotamaulipeco.info\/index.php?rest_route=\/wp\/v2\/media\/7036"}],"wp:attachment":[{"href":"https:\/\/noticierotamaulipeco.info\/index.php?rest_route=%2Fwp%2Fv2%2Fmedia&parent=7035"}],"wp:term":[{"taxonomy":"category","embeddable":true,"href":"https:\/\/noticierotamaulipeco.info\/index.php?rest_route=%2Fwp%2Fv2%2Fcategories&post=7035"},{"taxonomy":"post_tag","embeddable":true,"href":"https:\/\/noticierotamaulipeco.info\/index.php?rest_route=%2Fwp%2Fv2%2Ftags&post=7035"}],"curies":[{"name":"wp","href":"https:\/\/api.w.org\/{rel}","templated":true}]}}