{"id":7047,"date":"2025-11-28T17:42:09","date_gmt":"2025-11-28T17:42:09","guid":{"rendered":"https:\/\/noticierotamaulipeco.info\/?p=7047"},"modified":"2025-11-28T17:42:09","modified_gmt":"2025-11-28T17:42:09","slug":"cuando-y-a-que-hora-sera-el-ultimo-noticiero-de-maria-julia-lafuente","status":"publish","type":"post","link":"https:\/\/noticierotamaulipeco.info\/?p=7047","title":{"rendered":"\u00bfCu\u00e1ndo y a qu\u00e9 hora ser\u00e1 el \u00faltimo noticiero de Mar\u00eda Julia Lafuente?"},"content":{"rendered":"\n<p>28 Noviembre, 2025<\/p>\n\n\n\n<p>La licenciada\u00a0<strong>Mar\u00eda Julia Lafuente<\/strong>\u00a0dir\u00e1\u00a0<strong>adi\u00f3s<\/strong>\u00a0al noticiero\u00a0<strong>Telediario<\/strong>\u00a0<strong>Vespertino<\/strong>, toda vez que se tomar\u00e1 una pausa en su carrera.<\/p>\n\n\n\n<p>Ser\u00e1 este\u00a0<strong>viernes 28 de noviembre<\/strong>\u00a0cuando conduzca por \u00faltima vez el noticiero, con lo que habr\u00e1 una transmisi\u00f3n especial.<\/p>\n\n\n\n<p>El noticiero iniciar\u00e1 a las&nbsp;<strong>12:00 h<\/strong>&nbsp;por el&nbsp;<strong>Canal 6<\/strong>.<\/p>\n\n\n\n<p>La&nbsp;<strong>periodista Mar\u00eda Julia Lafuente<\/strong>&nbsp;estar\u00e1 acompa\u00f1ada de Erik Solheim Rocha.<\/p>\n\n\n\n<p>El noticiero tambi\u00e9n podr\u00e1 seguirse en vivo a trav\u00e9s del canal de YouTube de Multimedios.<\/p>\n\n\n\n<p>Al anunciar su pausa laboral agradeci\u00f3 a la familia Gonz\u00e1lez y a Grupo Multimedios por creer en ella y apoyar su crecimiento dentro de la empresa.<\/p>\n\n\n\n<p>As\u00ed tambi\u00e9n a su familia y en especial a los televidentes.<\/p>\n\n\n\n<p><strong>Mar\u00eda Julia Lafuente<\/strong>&nbsp;record\u00f3 que lleva&nbsp;<strong>48 a\u00f1os<\/strong>&nbsp;ininterrumpidos de labor dentro de&nbsp;<strong>Grupo Multimedios<\/strong>.<\/p>\n\n\n\n<p>Se\u00f1al\u00f3 que su vida laboral ha sido plena, de muchas satisfacciones pero tambi\u00e9n con problemas y adversidades, sin embargo, \u201cel balance es mayormente positivo\u201d.<\/p>\n\n\n\n<blockquote class=\"wp-block-quote is-layout-flow wp-block-quote-is-layout-flow\">\n<p>Pero en esta vida todo tiene un ciclo. Quiero compartirles y comunicarles que he decidido tomarme un descanso y ponerme en pausa por tiempo indefinido\u201d, anunci\u00f3.<\/p>\n<\/blockquote>\n\n\n\n<p>Lafuente Salinas precis\u00f3 que dentro de la&nbsp;<strong>pausa<\/strong>&nbsp;<strong>laboral<\/strong>&nbsp;que tomar\u00e1, deja \u201clas puertas abiertas a regresar a Multimedios\u201d, toda vez que \u201chay proyectos y planes a futuro\u201d.<\/p>\n\n\n\n<h2 class=\"wp-block-heading\">&nbsp;\u00bfQui\u00e9n es la licenciada Mar\u00eda Julia?<\/h2>\n\n\n\n<p>La \u2018<strong>Licenciada Mar\u00eda Julia<\/strong>\u2018 es una reconocida periodista y presentadora de televisi\u00f3n, considerada un icono dentro de los medios de comunicaci\u00f3n de Nuevo Le\u00f3n.<\/p>\n\n\n\n<p>Originaria de San Luis Potos\u00ed, se uni\u00f3 a&nbsp;<strong>Grupo Multimedios<\/strong>&nbsp;en 1977 tras varios a\u00f1os como locutora de categor\u00eda A, grado de excelencia.<\/p>\n\n\n\n<p>A lo largo de su trayectoria profesional&nbsp;ha trabajado como&nbsp;<strong>reportera<\/strong>,&nbsp;<strong>redactora<\/strong>&nbsp;y&nbsp;<strong>conductora de noticias<\/strong>.<\/p>\n\n\n\n<p>Una de sus coberturas m\u00e1s representativas fue el anuncio de la&nbsp;<strong>muerte<\/strong>&nbsp;de la cantante&nbsp;<strong>Selena Quintanilla<\/strong>, en marzo de 1995.<\/p>\n\n\n\n<p>Se le reconoce adem\u00e1s por su actitud frontal y de cuestionamiento hacia las autoridades en materia de inseguridad.<\/p>\n\n\n\n<p>En el plano personal,&nbsp;<strong>Mar\u00eda Julia Lafuente<\/strong>&nbsp;est\u00e1&nbsp;<strong>casada<\/strong>&nbsp;con el&nbsp;<strong>ingeniero Daniel Pe\u00f1a Garc\u00eda<\/strong>, a quien conoci\u00f3 gracias a unos amigos y con quien se comprometi\u00f3 una Navidad.<\/p>\n\n\n\n<p><\/p>\n","protected":false},"excerpt":{"rendered":"<p>28 Noviembre, 2025 La licenciada\u00a0Mar\u00eda Julia Lafuente\u00a0dir\u00e1\u00a0adi\u00f3s\u00a0al noticiero\u00a0Telediario\u00a0Vespertino, toda vez que se tomar\u00e1 una pausa&#8230;<\/p>\n","protected":false},"author":1,"featured_media":7048,"comment_status":"open","ping_status":"open","sticky":false,"template":"","format":"standard","meta":{"footnotes":""},"categories":[7],"tags":[],"class_list":["post-7047","post","type-post","status-publish","format-standard","has-post-thumbnail","hentry","category-espectaculos"],"_links":{"self":[{"href":"https:\/\/noticierotamaulipeco.info\/index.php?rest_route=\/wp\/v2\/posts\/7047","targetHints":{"allow":["GET"]}}],"collection":[{"href":"https:\/\/noticierotamaulipeco.info\/index.php?rest_route=\/wp\/v2\/posts"}],"about":[{"href":"https:\/\/noticierotamaulipeco.info\/index.php?rest_route=\/wp\/v2\/types\/post"}],"author":[{"embeddable":true,"href":"https:\/\/noticierotamaulipeco.info\/index.php?rest_route=\/wp\/v2\/users\/1"}],"replies":[{"embeddable":true,"href":"https:\/\/noticierotamaulipeco.info\/index.php?rest_route=%2Fwp%2Fv2%2Fcomments&post=7047"}],"version-history":[{"count":1,"href":"https:\/\/noticierotamaulipeco.info\/index.php?rest_route=\/wp\/v2\/posts\/7047\/revisions"}],"predecessor-version":[{"id":7049,"href":"https:\/\/noticierotamaulipeco.info\/index.php?rest_route=\/wp\/v2\/posts\/7047\/revisions\/7049"}],"wp:featuredmedia":[{"embeddable":true,"href":"https:\/\/noticierotamaulipeco.info\/index.php?rest_route=\/wp\/v2\/media\/7048"}],"wp:attachment":[{"href":"https:\/\/noticierotamaulipeco.info\/index.php?rest_route=%2Fwp%2Fv2%2Fmedia&parent=7047"}],"wp:term":[{"taxonomy":"category","embeddable":true,"href":"https:\/\/noticierotamaulipeco.info\/index.php?rest_route=%2Fwp%2Fv2%2Fcategories&post=7047"},{"taxonomy":"post_tag","embeddable":true,"href":"https:\/\/noticierotamaulipeco.info\/index.php?rest_route=%2Fwp%2Fv2%2Ftags&post=7047"}],"curies":[{"name":"wp","href":"https:\/\/api.w.org\/{rel}","templated":true}]}}