{"id":7110,"date":"2025-12-09T18:27:04","date_gmt":"2025-12-09T18:27:04","guid":{"rendered":"https:\/\/noticierotamaulipeco.info\/?p=7110"},"modified":"2025-12-09T18:27:05","modified_gmt":"2025-12-09T18:27:05","slug":"harfuch-descarta-que-coche-bomba-en-michoacan-fuera-terrorismo","status":"publish","type":"post","link":"https:\/\/noticierotamaulipeco.info\/?p=7110","title":{"rendered":"Harfuch descarta que coche bomba en Michoac\u00e1n fuera &#8216;terrorismo&#8217;"},"content":{"rendered":"\n<p>09 Diciembre, 2025<\/p>\n\n\n\n<p>El titular de la&nbsp;<strong>Secretar\u00eda de Seguridad y Protecci\u00f3n Ciudadana<\/strong>&nbsp;(SSPC),&nbsp;<strong>Omar Garc\u00eda Harfuch<\/strong>, descart\u00f3 este martes que la explosi\u00f3n de un carro bomba en&nbsp;<strong>Coahuayana, Michoac\u00e1n<\/strong>, fuera un acto de terrorismo.<\/p>\n\n\n\n<p>Seg\u00fan su intervenci\u00f3n este d\u00eda durante la ma\u00f1anera de la presidenta Claudia Sheinbaum, los hechos tuvieron m\u00e1s relaci\u00f3n con la&nbsp;<strong>intenci\u00f3n de grupos criminales por ampliar<\/strong>&nbsp;<strong>sus actividades delictivas<\/strong>.<\/p>\n\n\n\n<p>La explicaci\u00f3n del titular de la SSPC establece que el terrorismo implica tener&nbsp;<strong>objetivos pol\u00edticos, religiosos o sociales<\/strong>, lo cual afirm\u00f3 no ocurri\u00f3 en este caso, por lo que se descarta tanto en el marco nacional como internacional.<\/p>\n\n\n\n<p>Garc\u00eda Harfuch tambi\u00e9n hizo eco de las declaraciones del gobernador de Michoac\u00e1n,&nbsp;<strong>Alfredo Ram\u00edrez Bedolla<\/strong>, quien afirm\u00f3 que a\u00fan no existe una hip\u00f3tesis concluyente sobre el coche bomba que explot\u00f3 el s\u00e1bado, as\u00ed como que&nbsp;<strong>no es posible vincularlo<\/strong>&nbsp;a\u00fan con una posible reacci\u00f3n del crimen organizado ante la aplicaci\u00f3n del llamado&nbsp;<strong>Plan Michoac\u00e1n<\/strong>.<\/p>\n\n\n\n<p>La presidenta<strong>&nbsp;Sheinbaum Pardo<\/strong>&nbsp;tambi\u00e9n afirm\u00f3 que la explosi\u00f3n fue a ra\u00edz de los grupos delictivos en Michoac\u00e1n y su actuaci\u00f3n en el estado.<\/p>\n\n\n\n<p>Asimismo, el secretario destac\u00f3 que se&nbsp;<strong>trabajan nuevas hip\u00f3tesis<\/strong>&nbsp;en torno a las investigaciones de los hechos, que oficialmente fueron atra\u00eddos por la&nbsp;<strong>Fiscal\u00eda General de la Rep\u00fablica<\/strong>&nbsp;(FGR), ahora encabezada por&nbsp;<strong>Ernestina Godoy Ramos<\/strong>, quien estuvo ausente de la conferencia.<\/p>\n\n\n\n<p>A\u00f1adi\u00f3 que&nbsp;<strong>ser\u00e1n ellos quienes actualicen la informaci\u00f3n<\/strong>&nbsp;proporcionada el pasado domingo en conferencia de prensa por parte del fiscal estatal de Michoac\u00e1n,&nbsp;<strong>Carlos Torres Pi\u00f1a<\/strong>.<\/p>\n\n\n\n<p>En esa comparecencia ante medios, el titular de la FGE dio\u00a0<strong>pormenores de la investigaci\u00f3n que se lleva a cabo<\/strong>\u00a0y confirm\u00f3 que la camioneta cargada de explosivos era una Dakota color negro, que ingres\u00f3 a Michoac\u00e1n por la carretera 200 que une a esta entidad con el estado de Colima, cerca de las 8:30 de la ma\u00f1ana.<\/p>\n\n\n\n<p>Posteriormente lleg\u00f3 a la comunidad de&nbsp;<strong>San Vicente<\/strong>&nbsp;cerca de las 8:35 horas, para avanzar hasta el kiosko de la cabecera municipal y la glorieta de San Vicente aproximadamente a las 9:30 horas. Sin embargo,&nbsp;<strong>la<\/strong>&nbsp;<strong>detonaci\u00f3n de los explosivos se registr\u00f3 hasta las 11:40 horas<\/strong>, en un fin de semana en el que la plaza estaba llena de personas y mercaderes.<\/p>\n\n\n\n<p>La&nbsp;<strong>onda expansiva de la explosi\u00f3n<\/strong>, que&nbsp;<strong>alcanz\u00f3 entre 300 y 400 metros<\/strong>, afect\u00f3 a 12 veh\u00edculos m\u00e1s y a un n\u00famero a\u00fan indeterminado de inmuebles cercanos a la zona, entre los que se encuentran el hospital comunitario y la propia presidencia municipal.<\/p>\n\n\n\n<p>Este atentado se da en medio de la implementaci\u00f3n del&nbsp;<strong>programa para pacificar el estado<\/strong>, anunciado por la presidenta Sheinbaum Pardo, en los primeros d\u00edas de noviembre y tras el asesinato del ex alcalde del municipio de&nbsp;<strong>Uruapan, Carlos Manzo Rodr\u00edguez<\/strong>.<\/p>\n\n\n\n<p>El \u2018<strong>Plan Michoac\u00e1n por la Paz y la Justicia\u2019<\/strong>, fue anunciado como una estrategia integral del gobierno mexicano que combina seguridad, bienestar social y desarrollo econ\u00f3mico para reducir la violencia en el estado.<\/p>\n\n\n\n<p><\/p>\n","protected":false},"excerpt":{"rendered":"<p>09 Diciembre, 2025 El titular de la&nbsp;Secretar\u00eda de Seguridad y Protecci\u00f3n Ciudadana&nbsp;(SSPC),&nbsp;Omar Garc\u00eda Harfuch, descart\u00f3&#8230;<\/p>\n","protected":false},"author":1,"featured_media":7111,"comment_status":"open","ping_status":"open","sticky":false,"template":"","format":"standard","meta":{"footnotes":""},"categories":[3],"tags":[],"class_list":["post-7110","post","type-post","status-publish","format-standard","has-post-thumbnail","hentry","category-mexico"],"_links":{"self":[{"href":"https:\/\/noticierotamaulipeco.info\/index.php?rest_route=\/wp\/v2\/posts\/7110","targetHints":{"allow":["GET"]}}],"collection":[{"href":"https:\/\/noticierotamaulipeco.info\/index.php?rest_route=\/wp\/v2\/posts"}],"about":[{"href":"https:\/\/noticierotamaulipeco.info\/index.php?rest_route=\/wp\/v2\/types\/post"}],"author":[{"embeddable":true,"href":"https:\/\/noticierotamaulipeco.info\/index.php?rest_route=\/wp\/v2\/users\/1"}],"replies":[{"embeddable":true,"href":"https:\/\/noticierotamaulipeco.info\/index.php?rest_route=%2Fwp%2Fv2%2Fcomments&post=7110"}],"version-history":[{"count":1,"href":"https:\/\/noticierotamaulipeco.info\/index.php?rest_route=\/wp\/v2\/posts\/7110\/revisions"}],"predecessor-version":[{"id":7112,"href":"https:\/\/noticierotamaulipeco.info\/index.php?rest_route=\/wp\/v2\/posts\/7110\/revisions\/7112"}],"wp:featuredmedia":[{"embeddable":true,"href":"https:\/\/noticierotamaulipeco.info\/index.php?rest_route=\/wp\/v2\/media\/7111"}],"wp:attachment":[{"href":"https:\/\/noticierotamaulipeco.info\/index.php?rest_route=%2Fwp%2Fv2%2Fmedia&parent=7110"}],"wp:term":[{"taxonomy":"category","embeddable":true,"href":"https:\/\/noticierotamaulipeco.info\/index.php?rest_route=%2Fwp%2Fv2%2Fcategories&post=7110"},{"taxonomy":"post_tag","embeddable":true,"href":"https:\/\/noticierotamaulipeco.info\/index.php?rest_route=%2Fwp%2Fv2%2Ftags&post=7110"}],"curies":[{"name":"wp","href":"https:\/\/api.w.org\/{rel}","templated":true}]}}